{"id":18086,"date":"2020-08-27T23:54:39","date_gmt":"2020-08-27T23:54:39","guid":{"rendered":"https:\/\/blogdorogeriogomes.com.br\/?p=18086"},"modified":"2020-08-28T13:49:22","modified_gmt":"2020-08-28T13:49:22","slug":"governo-estadual-envia-para-assembleia-projeto-de-renegociacao-de-dividas-com-ipva-e-icms-referentes-a-2020","status":"publish","type":"post","link":"https:\/\/blogdorogeriogomes.com.br\/noticias\/2020\/08\/governo-estadual-envia-para-assembleia-projeto-de-renegociacao-de-dividas-com-ipva-e-icms-referentes-a-2020\/","title":{"rendered":"Governo Estadual envia para Assembleia projeto de renegocia\u00e7\u00e3o de d\u00edvidas com IPVA e ICMS referentes a 2020"},"content":{"rendered":"\n<p>O Governo do Cear\u00e1 enviou para a Assembleia Legislativa, nesta quinta-feira, dia 27 de agosto, um projeto de lei que cria programa de parcelamento de d\u00edvidas tribut\u00e1rias, conhecido como Refis, para as empresas cearenses. A proposta prev\u00ea o refinanciamento tanto dos d\u00e9bitos de Imposto sobre Circula\u00e7\u00e3o de Mercadorias e servi\u00e7os (ICMS) contra\u00eddos entre 1\u00ba de janeiro e 31 de maio deste ano, como do Imposto sobre a Propriedade de Ve\u00edculos Automotores (IPVA), inclusive multas e juros, referente a 2020. O objetivo \u00e9 diminuir os impactos financeiros da pandemia do coronav\u00edrus na economia.<\/p>\n\n\n\n<p>O texto tamb\u00e9m concede anistia de d\u00edvidas abaixo de R$ 500 do ICMS, do IPVA e do Imposto sobre Transmiss\u00e3o Causa Mortis e Doa\u00e7\u00e3o de Quaisquer Bens ou Direitos (ITCD), al\u00e9m da redu\u00e7\u00e3o na multa para os contribuintes que n\u00e3o instalaram o M\u00f3dulo Fiscal Eletr\u00f4nico (MFE) no per\u00edodo exigido na legisla\u00e7\u00e3o, al\u00e9m de outros benef\u00edcios. A mensagem deve come\u00e7ar a tramitar no come\u00e7o da pr\u00f3xima semana.<\/p>\n\n\n\n<figure class=\"wp-block-image size-large\"><img loading=\"lazy\" decoding=\"async\" width=\"1024\" height=\"684\" src=\"https:\/\/blogdorogeriogomes.com.br\/wp-content\/uploads\/2020\/08\/190212_IPVA-2019_TM09915-1200x801-1-1024x684.jpg\" alt=\"\" class=\"wp-image-18087\" srcset=\"https:\/\/blogdorogeriogomes.com.br\/noticias\/wp-content\/uploads\/2020\/08\/190212_IPVA-2019_TM09915-1200x801-1-1024x684.jpg 1024w, https:\/\/blogdorogeriogomes.com.br\/noticias\/wp-content\/uploads\/2020\/08\/190212_IPVA-2019_TM09915-1200x801-1-300x200.jpg 300w, https:\/\/blogdorogeriogomes.com.br\/noticias\/wp-content\/uploads\/2020\/08\/190212_IPVA-2019_TM09915-1200x801-1-768x513.jpg 768w, https:\/\/blogdorogeriogomes.com.br\/noticias\/wp-content\/uploads\/2020\/08\/190212_IPVA-2019_TM09915-1200x801-1-800x534.jpg 800w, https:\/\/blogdorogeriogomes.com.br\/noticias\/wp-content\/uploads\/2020\/08\/190212_IPVA-2019_TM09915-1200x801-1.jpg 1200w\" sizes=\"auto, (max-width: 1024px) 100vw, 1024px\" \/><\/figure>\n","protected":false},"excerpt":{"rendered":"<p>O Governo do Cear\u00e1 enviou para a Assembleia Legislativa, nesta quinta-feira, dia 27 de agosto, um projeto de lei que cria programa de parcelamento de d\u00edvidas tribut\u00e1rias, conhecido como Refis, para as empresas cearenses. A proposta prev\u00ea o refinanciamento tanto dos d\u00e9bitos de Imposto sobre Circula\u00e7\u00e3o de Mercadorias e servi\u00e7os (ICMS) contra\u00eddos entre 1\u00ba de janeiro e 31 de maio deste ano, como do Imposto sobre a Propriedade de Ve\u00edculos Automotores (IPVA), inclusive multas e juros, referente a 2020.&hellip;<\/p>\n","protected":false},"author":1,"featured_media":18087,"comment_status":"open","ping_status":"open","sticky":false,"template":"","format":"standard","meta":{"footnotes":""},"categories":[1],"tags":[],"class_list":["post-18086","post","type-post","status-publish","format-standard","has-post-thumbnail","hentry","category-noticias"],"_links":{"self":[{"href":"https:\/\/blogdorogeriogomes.com.br\/noticias\/wp-json\/wp\/v2\/posts\/18086","targetHints":{"allow":["GET"]}}],"collection":[{"href":"https:\/\/blogdorogeriogomes.com.br\/noticias\/wp-json\/wp\/v2\/posts"}],"about":[{"href":"https:\/\/blogdorogeriogomes.com.br\/noticias\/wp-json\/wp\/v2\/types\/post"}],"author":[{"embeddable":true,"href":"https:\/\/blogdorogeriogomes.com.br\/noticias\/wp-json\/wp\/v2\/users\/1"}],"replies":[{"embeddable":true,"href":"https:\/\/blogdorogeriogomes.com.br\/noticias\/wp-json\/wp\/v2\/comments?post=18086"}],"version-history":[{"count":1,"href":"https:\/\/blogdorogeriogomes.com.br\/noticias\/wp-json\/wp\/v2\/posts\/18086\/revisions"}],"predecessor-version":[{"id":18088,"href":"https:\/\/blogdorogeriogomes.com.br\/noticias\/wp-json\/wp\/v2\/posts\/18086\/revisions\/18088"}],"wp:featuredmedia":[{"embeddable":true,"href":"https:\/\/blogdorogeriogomes.com.br\/noticias\/wp-json\/wp\/v2\/media\/18087"}],"wp:attachment":[{"href":"https:\/\/blogdorogeriogomes.com.br\/noticias\/wp-json\/wp\/v2\/media?parent=18086"}],"wp:term":[{"taxonomy":"category","embeddable":true,"href":"https:\/\/blogdorogeriogomes.com.br\/noticias\/wp-json\/wp\/v2\/categories?post=18086"},{"taxonomy":"post_tag","embeddable":true,"href":"https:\/\/blogdorogeriogomes.com.br\/noticias\/wp-json\/wp\/v2\/tags?post=18086"}],"curies":[{"name":"wp","href":"https:\/\/api.w.org\/{rel}","templated":true}]}}