{"id":18089,"date":"2020-08-28T09:20:29","date_gmt":"2020-08-28T09:20:29","guid":{"rendered":"https:\/\/blogdorogeriogomes.com.br\/?p=18089"},"modified":"2020-08-28T13:49:16","modified_gmt":"2020-08-28T13:49:16","slug":"pt-e-pdt-buscam-acordo-para-tentar-se-unir-ainda-no-1-turno-em-fortaleza-camilo-santana-articula-as-negociacoes","status":"publish","type":"post","link":"https:\/\/blogdorogeriogomes.com.br\/noticias\/2020\/08\/pt-e-pdt-buscam-acordo-para-tentar-se-unir-ainda-no-1-turno-em-fortaleza-camilo-santana-articula-as-negociacoes\/","title":{"rendered":"PT e PDT buscam acordo para tentar se unir ainda no 1\u00b0 turno em Fortaleza. Camilo Santana articula as negocia\u00e7\u00f5es"},"content":{"rendered":"\n<p>As conven\u00e7\u00f5es partid\u00e1rias iniciam no fim do m\u00eas e prosseguem at\u00e9 15 de setembro. \u00c9 o per\u00edodo em que os partidos devem apontar quem ser\u00e3o os seus candidatos \u00e0 prefeito. Em Fortaleza, a oposi\u00e7\u00e3o ao prefeito Roberto Cl\u00e1udio (PDT) tenta se unir em torno do nome do deputado federal Capit\u00e3o Wagner (Pros). No lado da situa\u00e7\u00e3o, o PDT lan\u00e7ou cinco nomes para indicar para a cabe\u00e7a de chapa. Mas nos bastidores, o governador Camilo Santana ainda tenta articular uma alian\u00e7a entre PT e PDT para o 1\u00b0 turno. Nesta quinta-feira, dia 27 de agosto, ele teve um encontro com o ex-secretario de Rela\u00e7\u00f5es Institucionais, Nelson Martins, e com a deputada federal Luizianne Lins, que s\u00e3o dois nomes do PT que se apresentam como op\u00e7\u00f5es do partido para concorrer em Fortaleza. Camilo \u00e9 aliado de primeira linha do prefeito Roberto Cl\u00e1udio.<\/p>\n\n\n\n<p>Na verdade, Camilo tenta evitar divis\u00e3o nas for\u00e7as da esquerda e centro-esquerda, no sentido de fazer uma frente contra a candidatura de Capit\u00e3o Wagner, representada pelas atuais for\u00e7as pol\u00edticas que ap\u00f3iam o presidente Jair Bolsonaro.<\/p>\n\n\n\n<p>O deputado estadual&nbsp;Acr\u00edsio Sena (PT) lan\u00e7ou o manifesto &#8220;Por uma Frente Ampla Antifascista&#8221;, nesta quinta-feira, dia 27, com a assinatura de mais de 100 lideran\u00e7as pol\u00edticas que defendem buscar a uni\u00e3o do campo democr\u00e1tico e popular&nbsp;ainda no primeiro turno.<\/p>\n\n\n\n<figure class=\"wp-block-image size-large\"><img loading=\"lazy\" decoding=\"async\" width=\"648\" height=\"473\" src=\"https:\/\/blogdorogeriogomes.com.br\/wp-content\/uploads\/2020\/08\/images-5-3.jpeg\" alt=\"\" class=\"wp-image-18090\" srcset=\"https:\/\/blogdorogeriogomes.com.br\/noticias\/wp-content\/uploads\/2020\/08\/images-5-3.jpeg 648w, https:\/\/blogdorogeriogomes.com.br\/noticias\/wp-content\/uploads\/2020\/08\/images-5-3-300x219.jpeg 300w\" sizes=\"auto, (max-width: 648px) 100vw, 648px\" \/><\/figure>\n","protected":false},"excerpt":{"rendered":"<p>As conven\u00e7\u00f5es partid\u00e1rias iniciam no fim do m\u00eas e prosseguem at\u00e9 15 de setembro. \u00c9 o per\u00edodo em que os partidos devem apontar quem ser\u00e3o os seus candidatos \u00e0 prefeito. Em Fortaleza, a oposi\u00e7\u00e3o ao prefeito Roberto Cl\u00e1udio (PDT) tenta se unir em torno do nome do deputado federal Capit\u00e3o Wagner (Pros). No lado da situa\u00e7\u00e3o, o PDT lan\u00e7ou cinco nomes para indicar para a cabe\u00e7a de chapa. Mas nos bastidores, o governador Camilo Santana ainda tenta articular uma&hellip;<\/p>\n","protected":false},"author":1,"featured_media":18090,"comment_status":"open","ping_status":"open","sticky":false,"template":"","format":"standard","meta":{"footnotes":""},"categories":[1],"tags":[],"class_list":["post-18089","post","type-post","status-publish","format-standard","has-post-thumbnail","hentry","category-noticias"],"_links":{"self":[{"href":"https:\/\/blogdorogeriogomes.com.br\/noticias\/wp-json\/wp\/v2\/posts\/18089","targetHints":{"allow":["GET"]}}],"collection":[{"href":"https:\/\/blogdorogeriogomes.com.br\/noticias\/wp-json\/wp\/v2\/posts"}],"about":[{"href":"https:\/\/blogdorogeriogomes.com.br\/noticias\/wp-json\/wp\/v2\/types\/post"}],"author":[{"embeddable":true,"href":"https:\/\/blogdorogeriogomes.com.br\/noticias\/wp-json\/wp\/v2\/users\/1"}],"replies":[{"embeddable":true,"href":"https:\/\/blogdorogeriogomes.com.br\/noticias\/wp-json\/wp\/v2\/comments?post=18089"}],"version-history":[{"count":2,"href":"https:\/\/blogdorogeriogomes.com.br\/noticias\/wp-json\/wp\/v2\/posts\/18089\/revisions"}],"predecessor-version":[{"id":18098,"href":"https:\/\/blogdorogeriogomes.com.br\/noticias\/wp-json\/wp\/v2\/posts\/18089\/revisions\/18098"}],"wp:featuredmedia":[{"embeddable":true,"href":"https:\/\/blogdorogeriogomes.com.br\/noticias\/wp-json\/wp\/v2\/media\/18090"}],"wp:attachment":[{"href":"https:\/\/blogdorogeriogomes.com.br\/noticias\/wp-json\/wp\/v2\/media?parent=18089"}],"wp:term":[{"taxonomy":"category","embeddable":true,"href":"https:\/\/blogdorogeriogomes.com.br\/noticias\/wp-json\/wp\/v2\/categories?post=18089"},{"taxonomy":"post_tag","embeddable":true,"href":"https:\/\/blogdorogeriogomes.com.br\/noticias\/wp-json\/wp\/v2\/tags?post=18089"}],"curies":[{"name":"wp","href":"https:\/\/api.w.org\/{rel}","templated":true}]}}