{"id":18092,"date":"2020-08-28T09:47:05","date_gmt":"2020-08-28T09:47:05","guid":{"rendered":"https:\/\/blogdorogeriogomes.com.br\/?p=18092"},"modified":"2020-08-28T13:49:07","modified_gmt":"2020-08-28T13:49:07","slug":"paulo-guedes-tem-ate-hoje-para-apresentar-um-novo-plano-renda-brasil-a-bolsonaro-dificil-esta-apontar-de-onde-tirar-recursos-sem-furar-teto-de-gastos","status":"publish","type":"post","link":"https:\/\/blogdorogeriogomes.com.br\/noticias\/2020\/08\/paulo-guedes-tem-ate-hoje-para-apresentar-um-novo-plano-renda-brasil-a-bolsonaro-dificil-esta-apontar-de-onde-tirar-recursos-sem-furar-teto-de-gastos\/","title":{"rendered":"Paulo Guedes tem at\u00e9 hoje para apresentar um novo plano Renda Brasil a Bolsonaro. Dif\u00edcil est\u00e1 apontar de onde tirar recursos sem furar teto de gastos"},"content":{"rendered":"\n<p>O prazo dado pelo presidente Jair Bolsonaro \u00e0 equipe econ\u00f4mica comandada pelo ministro Paulo Guedes para refazer o plano que cria o novo programa Renda Brasil em substitui\u00e7\u00e3o ao Bolsa Fam\u00edlia termina nesta sexta-feira, dia 28 de agosto. A proposta apresentada no meio de semana n\u00e3o agradou a Bolsonaro, que deseja turbinar o pagamento em at\u00e9 R$ 300 por m\u00eas. O problema \u00e9 que Guedes afirma que para chegar nesse valor \u00e9 necess\u00e1rio acabar com outros benef\u00edcios sociais do Governo Federal como Abono Salarial e Farm\u00e1cia Popular. O mercado financeiro teme que o Governo venha a furar o teto de gastos.<\/p>\n\n\n\n<p>O fato \u00e9 que as \u00faltimas broncas de Bolsonaro em Paulo Guedes vem sendo encaradas em Bras\u00edlia como uma fritura do ministro da Economia, que n\u00e3o \u00e9 mais unanimidade ente os colegas de Minist\u00e9rio.<\/p>\n\n\n\n<p>Nesta quinta-feira, dia 27, deu mais uma demonstra\u00e7\u00e3o que deseja enfrentar as orienta\u00e7\u00f5es de Guedes. Anunciou um concurso para a Pol\u00edcia Federal para duas mil novas vagas. J\u00e1 havia uma parecer do Minist\u00e9rio da Economia vetando o certame.<\/p>\n\n\n\n<figure class=\"wp-block-image size-large\"><img loading=\"lazy\" decoding=\"async\" width=\"450\" height=\"337\" src=\"https:\/\/blogdorogeriogomes.com.br\/wp-content\/uploads\/2020\/08\/o-presidente-jair-bolsonaro-sem-partido-e-o-ministro-da-economia-paulo-guedes-1598469645086_v2_450x337.jpg\" alt=\"\" class=\"wp-image-18093\" srcset=\"https:\/\/blogdorogeriogomes.com.br\/noticias\/wp-content\/uploads\/2020\/08\/o-presidente-jair-bolsonaro-sem-partido-e-o-ministro-da-economia-paulo-guedes-1598469645086_v2_450x337.jpg 450w, https:\/\/blogdorogeriogomes.com.br\/noticias\/wp-content\/uploads\/2020\/08\/o-presidente-jair-bolsonaro-sem-partido-e-o-ministro-da-economia-paulo-guedes-1598469645086_v2_450x337-300x225.jpg 300w, https:\/\/blogdorogeriogomes.com.br\/noticias\/wp-content\/uploads\/2020\/08\/o-presidente-jair-bolsonaro-sem-partido-e-o-ministro-da-economia-paulo-guedes-1598469645086_v2_450x337-400x300.jpg 400w\" sizes=\"auto, (max-width: 450px) 100vw, 450px\" \/><\/figure>\n","protected":false},"excerpt":{"rendered":"<p>O prazo dado pelo presidente Jair Bolsonaro \u00e0 equipe econ\u00f4mica comandada pelo ministro Paulo Guedes para refazer o plano que cria o novo programa Renda Brasil em substitui\u00e7\u00e3o ao Bolsa Fam\u00edlia termina nesta sexta-feira, dia 28 de agosto. A proposta apresentada no meio de semana n\u00e3o agradou a Bolsonaro, que deseja turbinar o pagamento em at\u00e9 R$ 300 por m\u00eas. O problema \u00e9 que Guedes afirma que para chegar nesse valor \u00e9 necess\u00e1rio acabar com outros benef\u00edcios sociais do&hellip;<\/p>\n","protected":false},"author":1,"featured_media":18093,"comment_status":"open","ping_status":"open","sticky":false,"template":"","format":"standard","meta":{"footnotes":""},"categories":[1],"tags":[],"class_list":["post-18092","post","type-post","status-publish","format-standard","has-post-thumbnail","hentry","category-noticias"],"_links":{"self":[{"href":"https:\/\/blogdorogeriogomes.com.br\/noticias\/wp-json\/wp\/v2\/posts\/18092","targetHints":{"allow":["GET"]}}],"collection":[{"href":"https:\/\/blogdorogeriogomes.com.br\/noticias\/wp-json\/wp\/v2\/posts"}],"about":[{"href":"https:\/\/blogdorogeriogomes.com.br\/noticias\/wp-json\/wp\/v2\/types\/post"}],"author":[{"embeddable":true,"href":"https:\/\/blogdorogeriogomes.com.br\/noticias\/wp-json\/wp\/v2\/users\/1"}],"replies":[{"embeddable":true,"href":"https:\/\/blogdorogeriogomes.com.br\/noticias\/wp-json\/wp\/v2\/comments?post=18092"}],"version-history":[{"count":1,"href":"https:\/\/blogdorogeriogomes.com.br\/noticias\/wp-json\/wp\/v2\/posts\/18092\/revisions"}],"predecessor-version":[{"id":18094,"href":"https:\/\/blogdorogeriogomes.com.br\/noticias\/wp-json\/wp\/v2\/posts\/18092\/revisions\/18094"}],"wp:featuredmedia":[{"embeddable":true,"href":"https:\/\/blogdorogeriogomes.com.br\/noticias\/wp-json\/wp\/v2\/media\/18093"}],"wp:attachment":[{"href":"https:\/\/blogdorogeriogomes.com.br\/noticias\/wp-json\/wp\/v2\/media?parent=18092"}],"wp:term":[{"taxonomy":"category","embeddable":true,"href":"https:\/\/blogdorogeriogomes.com.br\/noticias\/wp-json\/wp\/v2\/categories?post=18092"},{"taxonomy":"post_tag","embeddable":true,"href":"https:\/\/blogdorogeriogomes.com.br\/noticias\/wp-json\/wp\/v2\/tags?post=18092"}],"curies":[{"name":"wp","href":"https:\/\/api.w.org\/{rel}","templated":true}]}}