{"id":18095,"date":"2020-08-28T09:57:48","date_gmt":"2020-08-28T09:57:48","guid":{"rendered":"https:\/\/blogdorogeriogomes.com.br\/?p=18095"},"modified":"2020-08-28T13:48:59","modified_gmt":"2020-08-28T13:48:59","slug":"stj-afasta-governador-do-rio-de-janeiro-e-determina-prisao-do-presidente-do-psc-por-acusacao-de-fraude-na-saude","status":"publish","type":"post","link":"https:\/\/blogdorogeriogomes.com.br\/noticias\/2020\/08\/stj-afasta-governador-do-rio-de-janeiro-e-determina-prisao-do-presidente-do-psc-por-acusacao-de-fraude-na-saude\/","title":{"rendered":"STJ afasta governador do Rio de Janeiro e determina pris\u00e3o do presidente do PSC por acusa\u00e7\u00e3o de fraude na sa\u00fade"},"content":{"rendered":"\n<p>A manh\u00e3 de sexta-feira \u00e9 de tens\u00e3o pol\u00edtica no Rio de Janeiro. O Superior Tribunal de Justi\u00e7a (STJ) determinou o afastamento imediato de Wilson Witzel (PSC) do cargo de governador do Rio de Janeiro devido a suspeita de fraudes em compras na \u00e1rea da sa\u00fade durante a pandemia do coronav\u00edrus. O presidente nacional do PSC, Pastor Everaldo, tamb\u00e9m teve mandado de pris\u00e3o expedido. Com o afastamento, o vice-governador Cl\u00e1udio Castro assume o cargo.<\/p>\n\n\n\n<p>A Procuradoria-Geral da Rep\u00fablica (PGR) afirma que o governo do RJ estabeleceu um esquema de propina para a contrata\u00e7\u00e3o emergencial e para libera\u00e7\u00e3o de pagamentos a organiza\u00e7\u00f5es sociais (OSs) que prestam servi\u00e7os ao governo, especialmente nas \u00e1reas de sa\u00fade e educa\u00e7\u00e3o.<\/p>\n\n\n\n<figure class=\"wp-block-image size-large\"><img loading=\"lazy\" decoding=\"async\" width=\"1024\" height=\"576\" src=\"https:\/\/blogdorogeriogomes.com.br\/wp-content\/uploads\/2020\/08\/age20200526002-1024x576.jpg\" alt=\"\" class=\"wp-image-18096\" srcset=\"https:\/\/blogdorogeriogomes.com.br\/noticias\/wp-content\/uploads\/2020\/08\/age20200526002-1024x576.jpg 1024w, https:\/\/blogdorogeriogomes.com.br\/noticias\/wp-content\/uploads\/2020\/08\/age20200526002-300x169.jpg 300w, https:\/\/blogdorogeriogomes.com.br\/noticias\/wp-content\/uploads\/2020\/08\/age20200526002-768x432.jpg 768w, https:\/\/blogdorogeriogomes.com.br\/noticias\/wp-content\/uploads\/2020\/08\/age20200526002-800x450.jpg 800w, https:\/\/blogdorogeriogomes.com.br\/noticias\/wp-content\/uploads\/2020\/08\/age20200526002.jpg 1080w\" sizes=\"auto, (max-width: 1024px) 100vw, 1024px\" \/><\/figure>\n","protected":false},"excerpt":{"rendered":"<p>A manh\u00e3 de sexta-feira \u00e9 de tens\u00e3o pol\u00edtica no Rio de Janeiro. O Superior Tribunal de Justi\u00e7a (STJ) determinou o afastamento imediato de Wilson Witzel (PSC) do cargo de governador do Rio de Janeiro devido a suspeita de fraudes em compras na \u00e1rea da sa\u00fade durante a pandemia do coronav\u00edrus. O presidente nacional do PSC, Pastor Everaldo, tamb\u00e9m teve mandado de pris\u00e3o expedido. Com o afastamento, o vice-governador Cl\u00e1udio Castro assume o cargo. A Procuradoria-Geral da Rep\u00fablica (PGR) afirma&hellip;<\/p>\n","protected":false},"author":1,"featured_media":18096,"comment_status":"open","ping_status":"open","sticky":false,"template":"","format":"standard","meta":{"footnotes":""},"categories":[1],"tags":[],"class_list":["post-18095","post","type-post","status-publish","format-standard","has-post-thumbnail","hentry","category-noticias"],"_links":{"self":[{"href":"https:\/\/blogdorogeriogomes.com.br\/noticias\/wp-json\/wp\/v2\/posts\/18095","targetHints":{"allow":["GET"]}}],"collection":[{"href":"https:\/\/blogdorogeriogomes.com.br\/noticias\/wp-json\/wp\/v2\/posts"}],"about":[{"href":"https:\/\/blogdorogeriogomes.com.br\/noticias\/wp-json\/wp\/v2\/types\/post"}],"author":[{"embeddable":true,"href":"https:\/\/blogdorogeriogomes.com.br\/noticias\/wp-json\/wp\/v2\/users\/1"}],"replies":[{"embeddable":true,"href":"https:\/\/blogdorogeriogomes.com.br\/noticias\/wp-json\/wp\/v2\/comments?post=18095"}],"version-history":[{"count":1,"href":"https:\/\/blogdorogeriogomes.com.br\/noticias\/wp-json\/wp\/v2\/posts\/18095\/revisions"}],"predecessor-version":[{"id":18097,"href":"https:\/\/blogdorogeriogomes.com.br\/noticias\/wp-json\/wp\/v2\/posts\/18095\/revisions\/18097"}],"wp:featuredmedia":[{"embeddable":true,"href":"https:\/\/blogdorogeriogomes.com.br\/noticias\/wp-json\/wp\/v2\/media\/18096"}],"wp:attachment":[{"href":"https:\/\/blogdorogeriogomes.com.br\/noticias\/wp-json\/wp\/v2\/media?parent=18095"}],"wp:term":[{"taxonomy":"category","embeddable":true,"href":"https:\/\/blogdorogeriogomes.com.br\/noticias\/wp-json\/wp\/v2\/categories?post=18095"},{"taxonomy":"post_tag","embeddable":true,"href":"https:\/\/blogdorogeriogomes.com.br\/noticias\/wp-json\/wp\/v2\/tags?post=18095"}],"curies":[{"name":"wp","href":"https:\/\/api.w.org\/{rel}","templated":true}]}}