{"id":18102,"date":"2020-08-28T19:55:47","date_gmt":"2020-08-28T19:55:47","guid":{"rendered":"https:\/\/blogdorogeriogomes.com.br\/?p=18102"},"modified":"2020-08-31T14:21:05","modified_gmt":"2020-08-31T14:21:05","slug":"camilo-santana-e-roberto-claudio-confirmam-que-aulas-na-educacao-infantil-cinemas-teatro-e-pequenos-eventos-podem-voltar-em-setembro","status":"publish","type":"post","link":"https:\/\/blogdorogeriogomes.com.br\/noticias\/2020\/08\/camilo-santana-e-roberto-claudio-confirmam-que-aulas-na-educacao-infantil-cinemas-teatro-e-pequenos-eventos-podem-voltar-em-setembro\/","title":{"rendered":"Camilo Santana e Roberto Cl\u00e1udio confirmam que aulas na Educa\u00e7\u00e3o Infantil, cinemas, teatro e pequenos eventos podem voltar em setembro"},"content":{"rendered":"\n<p>O governador do Cear\u00e1, Camilo Santana, e o prefeito de Fortaleza, Roberto Cl\u00e1udio, confirmaram o retorno de novas atividades econ\u00f4micas a partir de ter\u00e7a-feira, dia 1\u00b0 de setembro. Est\u00e1 autorizado o retorno da Educa\u00e7\u00e3o Infantil (creche e pr\u00e9-escola) em estabelecimentos privados,  em Fortaleza e munic\u00edpios da Macrorregi\u00e3o de Fortaleza. Caber\u00e1 aos pais decidirem se os filhos retornam \u00e0s aulas presenciais. As escolas particulares precisam continuar oferecendo a op\u00e7\u00e3o das aulas online.<\/p>\n\n\n\n<p>Sobre a volta das aulas presenciais nas escolas p\u00fablicas e em outras s\u00e9ries de escolas privadas, ser\u00e3o avaliadas as pr\u00f3ximas semanas para a tomada de decis\u00f5es.<\/p>\n\n\n\n<p>Tamb\u00e9m est\u00e3o autorizados os retornos das atividades em teatro, museu, biblioteca e cinema com 35% da capacidade, em Fortaleza e munic\u00edpios da Macrorregi\u00e3o de Fortaleza. Ficam permitidos pequenos eventos de at\u00e9 100 pessoas, a partir de 14 de setembro, nas regi\u00f5es que j\u00e1 tiverem cumprido a Fase 4 do Plano de Retomada Econ\u00f4mica. As Macrorregi\u00f5es de Sobral, Sert\u00e3o Central e Litoral Leste\/Jaguaribe entram na primeira semana da Fase 4 e a Macrorregi\u00e3o do Cariri entra na primeira semana da Fase 3.<br>&#8220;Continuamos buscando agir de forma segura e respons\u00e1vel, ouvindo sempre os especialistas. Nossa prioridade ser\u00e1 sempre salvar vidas. Refor\u00e7o a import\u00e2ncia de todos continuarmos tomando as medidas preventivas, evitando aglomera\u00e7\u00f5es e sempre que sair de casa, usando m\u00e1scara&#8221;, ressaltou o governador Camilo Santana.<\/p>\n\n\n\n<figure class=\"wp-block-image size-large\"><img loading=\"lazy\" decoding=\"async\" width=\"750\" height=\"500\" src=\"https:\/\/blogdorogeriogomes.com.br\/wp-content\/uploads\/2020\/08\/1_camilo_anuncia_novas_medidas_reabertura_ceara_opovo-13168809.jpeg\" alt=\"\" class=\"wp-image-18100\" srcset=\"https:\/\/blogdorogeriogomes.com.br\/noticias\/wp-content\/uploads\/2020\/08\/1_camilo_anuncia_novas_medidas_reabertura_ceara_opovo-13168809.jpeg 750w, https:\/\/blogdorogeriogomes.com.br\/noticias\/wp-content\/uploads\/2020\/08\/1_camilo_anuncia_novas_medidas_reabertura_ceara_opovo-13168809-300x200.jpeg 300w\" sizes=\"auto, (max-width: 750px) 100vw, 750px\" \/><\/figure>\n","protected":false},"excerpt":{"rendered":"<p>O governador do Cear\u00e1, Camilo Santana, e o prefeito de Fortaleza, Roberto Cl\u00e1udio, confirmaram o retorno de novas atividades econ\u00f4micas a partir de ter\u00e7a-feira, dia 1\u00b0 de setembro. Est\u00e1 autorizado o retorno da Educa\u00e7\u00e3o Infantil (creche e pr\u00e9-escola) em estabelecimentos privados, em Fortaleza e munic\u00edpios da Macrorregi\u00e3o de Fortaleza. Caber\u00e1 aos pais decidirem se os filhos retornam \u00e0s aulas presenciais. As escolas particulares precisam continuar oferecendo a op\u00e7\u00e3o das aulas online. Sobre a volta das aulas presenciais nas escolas&hellip;<\/p>\n","protected":false},"author":1,"featured_media":18100,"comment_status":"open","ping_status":"open","sticky":false,"template":"","format":"standard","meta":{"footnotes":""},"categories":[1],"tags":[],"class_list":["post-18102","post","type-post","status-publish","format-standard","has-post-thumbnail","hentry","category-noticias"],"_links":{"self":[{"href":"https:\/\/blogdorogeriogomes.com.br\/noticias\/wp-json\/wp\/v2\/posts\/18102","targetHints":{"allow":["GET"]}}],"collection":[{"href":"https:\/\/blogdorogeriogomes.com.br\/noticias\/wp-json\/wp\/v2\/posts"}],"about":[{"href":"https:\/\/blogdorogeriogomes.com.br\/noticias\/wp-json\/wp\/v2\/types\/post"}],"author":[{"embeddable":true,"href":"https:\/\/blogdorogeriogomes.com.br\/noticias\/wp-json\/wp\/v2\/users\/1"}],"replies":[{"embeddable":true,"href":"https:\/\/blogdorogeriogomes.com.br\/noticias\/wp-json\/wp\/v2\/comments?post=18102"}],"version-history":[{"count":1,"href":"https:\/\/blogdorogeriogomes.com.br\/noticias\/wp-json\/wp\/v2\/posts\/18102\/revisions"}],"predecessor-version":[{"id":18103,"href":"https:\/\/blogdorogeriogomes.com.br\/noticias\/wp-json\/wp\/v2\/posts\/18102\/revisions\/18103"}],"wp:featuredmedia":[{"embeddable":true,"href":"https:\/\/blogdorogeriogomes.com.br\/noticias\/wp-json\/wp\/v2\/media\/18100"}],"wp:attachment":[{"href":"https:\/\/blogdorogeriogomes.com.br\/noticias\/wp-json\/wp\/v2\/media?parent=18102"}],"wp:term":[{"taxonomy":"category","embeddable":true,"href":"https:\/\/blogdorogeriogomes.com.br\/noticias\/wp-json\/wp\/v2\/categories?post=18102"},{"taxonomy":"post_tag","embeddable":true,"href":"https:\/\/blogdorogeriogomes.com.br\/noticias\/wp-json\/wp\/v2\/tags?post=18102"}],"curies":[{"name":"wp","href":"https:\/\/api.w.org\/{rel}","templated":true}]}}