{"id":18104,"date":"2020-08-29T09:42:08","date_gmt":"2020-08-29T09:42:08","guid":{"rendered":"https:\/\/blogdorogeriogomes.com.br\/?p=18104"},"modified":"2020-08-31T14:20:46","modified_gmt":"2020-08-31T14:20:46","slug":"tse-amplia-horario-de-votacao-e-proibe-participacao-de-candidatos-em-lives-com-artistas","status":"publish","type":"post","link":"https:\/\/blogdorogeriogomes.com.br\/noticias\/2020\/08\/tse-amplia-horario-de-votacao-e-proibe-participacao-de-candidatos-em-lives-com-artistas\/","title":{"rendered":"TSE amplia hor\u00e1rio de vota\u00e7\u00e3o e pro\u00edbe participa\u00e7\u00e3o de candidatos em lives com artistas"},"content":{"rendered":"\n<p>O Tribunal Superior Eleitoral (TSE) decidiu ampliar o tempo de vota\u00e7\u00e3o nas elei\u00e7\u00f5es municipais deste ano. Agora, os eleitores ter\u00e3o uma hora a mais para comparecer ao local de vota\u00e7\u00e3o, que ser\u00e1 das 7 \u00e0s 17 horas. O TSE tamb\u00e9m reservou as tr\u00eas primeiras horas como preferenciais para pessoas acima de 60 anos, a fim de evitar aglomera\u00e7\u00f5es ainda em tempos de pandemia do coronav\u00edrus. O 1\u00b0 turno est\u00e1 previsto para 15 de novembro.<\/p>\n\n\n\n<p>Outra mudan\u00e7a para a campanha eleitoral foi que o TSE vedou a apresenta\u00e7\u00e3o de artistas como cantores e atores, sejam estes remunerados ou n\u00e3o, em transmiss\u00f5es ao vivo pela internet, as chamadas lives, feitas por candidatos.<\/p>\n\n\n\n<p>Os pr\u00e9-candidatos podem aparecer em lives na internet ou aparecer na m\u00eddia em geral, inclusive em entrevistas, embora n\u00e3o possam pedir votos antes de 27 de setembro, quando se inicia o per\u00edodo de campanha.&nbsp;<\/p>\n\n\n\n<figure class=\"wp-block-image size-large\"><img loading=\"lazy\" decoding=\"async\" width=\"683\" height=\"449\" src=\"https:\/\/blogdorogeriogomes.com.br\/wp-content\/uploads\/2020\/08\/images-17.jpeg\" alt=\"\" class=\"wp-image-18105\" srcset=\"https:\/\/blogdorogeriogomes.com.br\/noticias\/wp-content\/uploads\/2020\/08\/images-17.jpeg 683w, https:\/\/blogdorogeriogomes.com.br\/noticias\/wp-content\/uploads\/2020\/08\/images-17-300x197.jpeg 300w\" sizes=\"auto, (max-width: 683px) 100vw, 683px\" \/><\/figure>\n\n\n\n<p><\/p>\n\n\n\n<p><\/p>\n\n\n\n<p><\/p>\n\n\n\n<p><a href=\"https:\/\/www.poder360.com.br\/eleicoes\/tse-confirma-uma-hora-a-mais-de-votacao-para-evitar-aglomeracoes\/#author-modal\"><\/a><\/p>\n\n\n\n<p><a href=\"https:\/\/www.poder360.com.br\/eleicoes\/tse-confirma-uma-hora-a-mais-de-votacao-para-evitar-aglomeracoes\/#like-modal-yes\"><\/a><a href=\"https:\/\/www.poder360.com.br\/eleicoes\/tse-confirma-uma-hora-a-mais-de-votacao-para-evitar-aglomeracoes\/#like-modal-no\"><\/a><a rel=\"noreferrer noopener\" href=\"https:\/\/www.poder360.com.br\/eleicoes\/tse-confirma-uma-hora-a-mais-de-votacao-para-evitar-aglomeracoes\/#\" target=\"_blank\"><\/a><a rel=\"noreferrer noopener\" href=\"https:\/\/www.poder360.com.br\/eleicoes\/tse-confirma-uma-hora-a-mais-de-votacao-para-evitar-aglomeracoes\/#\" target=\"_blank\"><\/a><a rel=\"noreferrer noopener\" href=\"https:\/\/www.poder360.com.br\/eleicoes\/tse-confirma-uma-hora-a-mais-de-votacao-para-evitar-aglomeracoes\/#\" target=\"_blank\"><\/a><a href=\"https:\/\/www.poder360.com.br\/eleicoes\/tse-confirma-uma-hora-a-mais-de-votacao-para-evitar-aglomeracoes\/#\"><\/a><\/p>\n\n\n\n<p><\/p>\n\n\n\n<p><\/p>\n","protected":false},"excerpt":{"rendered":"<p>O Tribunal Superior Eleitoral (TSE) decidiu ampliar o tempo de vota\u00e7\u00e3o nas elei\u00e7\u00f5es municipais deste ano. Agora, os eleitores ter\u00e3o uma hora a mais para comparecer ao local de vota\u00e7\u00e3o, que ser\u00e1 das 7 \u00e0s 17 horas. O TSE tamb\u00e9m reservou as tr\u00eas primeiras horas como preferenciais para pessoas acima de 60 anos, a fim de evitar aglomera\u00e7\u00f5es ainda em tempos de pandemia do coronav\u00edrus. O 1\u00b0 turno est\u00e1 previsto para 15 de novembro. Outra mudan\u00e7a para a campanha&hellip;<\/p>\n","protected":false},"author":1,"featured_media":18105,"comment_status":"open","ping_status":"open","sticky":false,"template":"","format":"standard","meta":{"footnotes":""},"categories":[1],"tags":[],"class_list":["post-18104","post","type-post","status-publish","format-standard","has-post-thumbnail","hentry","category-noticias"],"_links":{"self":[{"href":"https:\/\/blogdorogeriogomes.com.br\/noticias\/wp-json\/wp\/v2\/posts\/18104","targetHints":{"allow":["GET"]}}],"collection":[{"href":"https:\/\/blogdorogeriogomes.com.br\/noticias\/wp-json\/wp\/v2\/posts"}],"about":[{"href":"https:\/\/blogdorogeriogomes.com.br\/noticias\/wp-json\/wp\/v2\/types\/post"}],"author":[{"embeddable":true,"href":"https:\/\/blogdorogeriogomes.com.br\/noticias\/wp-json\/wp\/v2\/users\/1"}],"replies":[{"embeddable":true,"href":"https:\/\/blogdorogeriogomes.com.br\/noticias\/wp-json\/wp\/v2\/comments?post=18104"}],"version-history":[{"count":2,"href":"https:\/\/blogdorogeriogomes.com.br\/noticias\/wp-json\/wp\/v2\/posts\/18104\/revisions"}],"predecessor-version":[{"id":18124,"href":"https:\/\/blogdorogeriogomes.com.br\/noticias\/wp-json\/wp\/v2\/posts\/18104\/revisions\/18124"}],"wp:featuredmedia":[{"embeddable":true,"href":"https:\/\/blogdorogeriogomes.com.br\/noticias\/wp-json\/wp\/v2\/media\/18105"}],"wp:attachment":[{"href":"https:\/\/blogdorogeriogomes.com.br\/noticias\/wp-json\/wp\/v2\/media?parent=18104"}],"wp:term":[{"taxonomy":"category","embeddable":true,"href":"https:\/\/blogdorogeriogomes.com.br\/noticias\/wp-json\/wp\/v2\/categories?post=18104"},{"taxonomy":"post_tag","embeddable":true,"href":"https:\/\/blogdorogeriogomes.com.br\/noticias\/wp-json\/wp\/v2\/tags?post=18104"}],"curies":[{"name":"wp","href":"https:\/\/api.w.org\/{rel}","templated":true}]}}