{"id":18107,"date":"2020-08-29T10:02:39","date_gmt":"2020-08-29T10:02:39","guid":{"rendered":"https:\/\/blogdorogeriogomes.com.br\/?p=18107"},"modified":"2020-08-31T14:20:26","modified_gmt":"2020-08-31T14:20:26","slug":"profissionais-de-educacao-da-rede-publica-de-ensino-comecam-a-ser-testados-para-um-possivel-retorno-das-aulas-nas-escolas","status":"publish","type":"post","link":"https:\/\/blogdorogeriogomes.com.br\/noticias\/2020\/08\/profissionais-de-educacao-da-rede-publica-de-ensino-comecam-a-ser-testados-para-um-possivel-retorno-das-aulas-nas-escolas\/","title":{"rendered":"Profissionais de educa\u00e7\u00e3o da rede p\u00fablica de ensino come\u00e7am a ser testados para um poss\u00edvel retorno das aulas nas escolas"},"content":{"rendered":"\n<p>Por enquanto, o Governo do Estado e a Prefeitura de Fortaleza s\u00f3 autorizaram a volta da educa\u00e7\u00e3o infantil na rede de ensino particular. Nas escolas p\u00fablicas, o retorno das aulas presenciais ainda ser\u00e1 tema de discuss\u00e3o nas pr\u00f3ximas semanas. Mas os cuidados com a sa\u00fade dos profissionais da educa\u00e7\u00e3o j\u00e1 come\u00e7am desde agora. Os profissionais da rede de ensino p\u00fablico de Fortaleza come\u00e7ar\u00e3o a ser testados para Covid-19 a partir desta segunda-feira, dia 31 de agosto, em a\u00e7\u00e3o da Secretaria da Sa\u00fade do Cear\u00e1 (Sesa).&nbsp;<\/p>\n\n\n\n<p>Os trabalhadores ser\u00e3o encaminhados pela Secretaria de Educa\u00e7\u00e3o do Estado, de acordo com hor\u00e1rio previamente agendado com a Sesa, de segunda a sexta-feira. J\u00e1 a testagem para Covid-19 dos profissionais da rede municipal de ensino de Fortaleza ser\u00e1 feita pela Secretaria Municipal de Sa\u00fade (SMS).&nbsp;<\/p>\n\n\n\n<p>A Sesa disponibilizou postos de atendimento na Pra\u00e7a do Ferreira, o Drive-Thru no RioMar Kennedy, os N\u00facleos de Sa\u00fade nos Vapt Vupt de Messejana e Ant\u00f4nio Bezerra e as unidades m\u00f3veis de testagem.<\/p>\n\n\n\n<figure class=\"wp-block-image size-large\"><img loading=\"lazy\" decoding=\"async\" width=\"700\" height=\"438\" src=\"https:\/\/blogdorogeriogomes.com.br\/wp-content\/uploads\/2020\/08\/images-1-5.jpeg\" alt=\"\" class=\"wp-image-18108\" srcset=\"https:\/\/blogdorogeriogomes.com.br\/noticias\/wp-content\/uploads\/2020\/08\/images-1-5.jpeg 700w, https:\/\/blogdorogeriogomes.com.br\/noticias\/wp-content\/uploads\/2020\/08\/images-1-5-300x188.jpeg 300w\" sizes=\"auto, (max-width: 700px) 100vw, 700px\" \/><\/figure>\n\n\n\n<p><br><\/p>\n\n\n\n<p><\/p>\n\n\n\n<p><br><\/p>\n\n\n\n<p><br><\/p>\n","protected":false},"excerpt":{"rendered":"<p>Por enquanto, o Governo do Estado e a Prefeitura de Fortaleza s\u00f3 autorizaram a volta da educa\u00e7\u00e3o infantil na rede de ensino particular. Nas escolas p\u00fablicas, o retorno das aulas presenciais ainda ser\u00e1 tema de discuss\u00e3o nas pr\u00f3ximas semanas. Mas os cuidados com a sa\u00fade dos profissionais da educa\u00e7\u00e3o j\u00e1 come\u00e7am desde agora. Os profissionais da rede de ensino p\u00fablico de Fortaleza come\u00e7ar\u00e3o a ser testados para Covid-19 a partir desta segunda-feira, dia 31 de agosto, em a\u00e7\u00e3o da&hellip;<\/p>\n","protected":false},"author":1,"featured_media":18108,"comment_status":"open","ping_status":"open","sticky":false,"template":"","format":"standard","meta":{"footnotes":""},"categories":[1],"tags":[],"class_list":["post-18107","post","type-post","status-publish","format-standard","has-post-thumbnail","hentry","category-noticias"],"_links":{"self":[{"href":"https:\/\/blogdorogeriogomes.com.br\/noticias\/wp-json\/wp\/v2\/posts\/18107","targetHints":{"allow":["GET"]}}],"collection":[{"href":"https:\/\/blogdorogeriogomes.com.br\/noticias\/wp-json\/wp\/v2\/posts"}],"about":[{"href":"https:\/\/blogdorogeriogomes.com.br\/noticias\/wp-json\/wp\/v2\/types\/post"}],"author":[{"embeddable":true,"href":"https:\/\/blogdorogeriogomes.com.br\/noticias\/wp-json\/wp\/v2\/users\/1"}],"replies":[{"embeddable":true,"href":"https:\/\/blogdorogeriogomes.com.br\/noticias\/wp-json\/wp\/v2\/comments?post=18107"}],"version-history":[{"count":2,"href":"https:\/\/blogdorogeriogomes.com.br\/noticias\/wp-json\/wp\/v2\/posts\/18107\/revisions"}],"predecessor-version":[{"id":18123,"href":"https:\/\/blogdorogeriogomes.com.br\/noticias\/wp-json\/wp\/v2\/posts\/18107\/revisions\/18123"}],"wp:featuredmedia":[{"embeddable":true,"href":"https:\/\/blogdorogeriogomes.com.br\/noticias\/wp-json\/wp\/v2\/media\/18108"}],"wp:attachment":[{"href":"https:\/\/blogdorogeriogomes.com.br\/noticias\/wp-json\/wp\/v2\/media?parent=18107"}],"wp:term":[{"taxonomy":"category","embeddable":true,"href":"https:\/\/blogdorogeriogomes.com.br\/noticias\/wp-json\/wp\/v2\/categories?post=18107"},{"taxonomy":"post_tag","embeddable":true,"href":"https:\/\/blogdorogeriogomes.com.br\/noticias\/wp-json\/wp\/v2\/tags?post=18107"}],"curies":[{"name":"wp","href":"https:\/\/api.w.org\/{rel}","templated":true}]}}