{"id":18115,"date":"2020-08-31T09:22:27","date_gmt":"2020-08-31T09:22:27","guid":{"rendered":"https:\/\/blogdorogeriogomes.com.br\/?p=18115"},"modified":"2020-08-31T14:19:49","modified_gmt":"2020-08-31T14:19:49","slug":"secretaria-da-fazenda-do-ceara-reabre-atendimento-presencial-por-agendamento","status":"publish","type":"post","link":"https:\/\/blogdorogeriogomes.com.br\/noticias\/2020\/08\/secretaria-da-fazenda-do-ceara-reabre-atendimento-presencial-por-agendamento\/","title":{"rendered":"Secretaria da Fazenda do Cear\u00e1 reabre atendimento presencial por agendamento"},"content":{"rendered":"\n<p>A partir desta ter\u00e7a-feira, dia 1\u00ba de setembro, os cidad\u00e3os cearenses j\u00e1 poder\u00e3o ser atendidos presencialmente nas C\u00e9lulas de Execu\u00e7\u00e3o da Administra\u00e7\u00e3o Tribut\u00e1ria (Cexats) e N\u00facleos de Atendimento (Nuats). A Secretaria da Fazenda do Cear\u00e1 (Sefaz-CE) reabre as unidades para a oferta dos servi\u00e7os que s\u00e3o realizados apenas presencialmente. Os atendimentos ser\u00e3o realizados de segunda a sexta, das 8 ao meio-dia.<\/p>\n\n\n\n<p>Para maior comodidade dos contribuintes e para evitar aglomera\u00e7\u00e3o nas unidades da Sefaz, o atendimento dever\u00e1 ser agendado pelo link: https:\/\/ajuda.sefaz.ce.gov.br\/agendamento, informando o dia, hor\u00e1rio, servi\u00e7o e unidade. A ferramenta para a marca\u00e7\u00e3o estar\u00e1 dispon\u00edvel a partir desta segunda-feira, dia 31 de agosto.<\/p>\n\n\n\n<p>Outra novidade \u00e9 que agora o p\u00fablico pode ser atendido em qualquer uma das unidades da Secretaria da Fazenda, sem distin\u00e7\u00e3o de localiza\u00e7\u00e3o por \u00e1rea.<\/p>\n\n\n\n<figure class=\"wp-block-image size-large\"><img loading=\"lazy\" decoding=\"async\" width=\"823\" height=\"672\" src=\"https:\/\/blogdorogeriogomes.com.br\/wp-content\/uploads\/2020\/08\/Predio-Sefaz.png\" alt=\"\" class=\"wp-image-18116\" srcset=\"https:\/\/blogdorogeriogomes.com.br\/noticias\/wp-content\/uploads\/2020\/08\/Predio-Sefaz.png 823w, https:\/\/blogdorogeriogomes.com.br\/noticias\/wp-content\/uploads\/2020\/08\/Predio-Sefaz-300x245.png 300w, https:\/\/blogdorogeriogomes.com.br\/noticias\/wp-content\/uploads\/2020\/08\/Predio-Sefaz-768x627.png 768w, https:\/\/blogdorogeriogomes.com.br\/noticias\/wp-content\/uploads\/2020\/08\/Predio-Sefaz-800x653.png 800w\" sizes=\"auto, (max-width: 823px) 100vw, 823px\" \/><\/figure>\n","protected":false},"excerpt":{"rendered":"<p>A partir desta ter\u00e7a-feira, dia 1\u00ba de setembro, os cidad\u00e3os cearenses j\u00e1 poder\u00e3o ser atendidos presencialmente nas C\u00e9lulas de Execu\u00e7\u00e3o da Administra\u00e7\u00e3o Tribut\u00e1ria (Cexats) e N\u00facleos de Atendimento (Nuats). A Secretaria da Fazenda do Cear\u00e1 (Sefaz-CE) reabre as unidades para a oferta dos servi\u00e7os que s\u00e3o realizados apenas presencialmente. Os atendimentos ser\u00e3o realizados de segunda a sexta, das 8 ao meio-dia. Para maior comodidade dos contribuintes e para evitar aglomera\u00e7\u00e3o nas unidades da Sefaz, o atendimento dever\u00e1 ser agendado&hellip;<\/p>\n","protected":false},"author":1,"featured_media":18116,"comment_status":"open","ping_status":"open","sticky":false,"template":"","format":"standard","meta":{"footnotes":""},"categories":[1],"tags":[],"class_list":["post-18115","post","type-post","status-publish","format-standard","has-post-thumbnail","hentry","category-noticias"],"_links":{"self":[{"href":"https:\/\/blogdorogeriogomes.com.br\/noticias\/wp-json\/wp\/v2\/posts\/18115","targetHints":{"allow":["GET"]}}],"collection":[{"href":"https:\/\/blogdorogeriogomes.com.br\/noticias\/wp-json\/wp\/v2\/posts"}],"about":[{"href":"https:\/\/blogdorogeriogomes.com.br\/noticias\/wp-json\/wp\/v2\/types\/post"}],"author":[{"embeddable":true,"href":"https:\/\/blogdorogeriogomes.com.br\/noticias\/wp-json\/wp\/v2\/users\/1"}],"replies":[{"embeddable":true,"href":"https:\/\/blogdorogeriogomes.com.br\/noticias\/wp-json\/wp\/v2\/comments?post=18115"}],"version-history":[{"count":1,"href":"https:\/\/blogdorogeriogomes.com.br\/noticias\/wp-json\/wp\/v2\/posts\/18115\/revisions"}],"predecessor-version":[{"id":18117,"href":"https:\/\/blogdorogeriogomes.com.br\/noticias\/wp-json\/wp\/v2\/posts\/18115\/revisions\/18117"}],"wp:featuredmedia":[{"embeddable":true,"href":"https:\/\/blogdorogeriogomes.com.br\/noticias\/wp-json\/wp\/v2\/media\/18116"}],"wp:attachment":[{"href":"https:\/\/blogdorogeriogomes.com.br\/noticias\/wp-json\/wp\/v2\/media?parent=18115"}],"wp:term":[{"taxonomy":"category","embeddable":true,"href":"https:\/\/blogdorogeriogomes.com.br\/noticias\/wp-json\/wp\/v2\/categories?post=18115"},{"taxonomy":"post_tag","embeddable":true,"href":"https:\/\/blogdorogeriogomes.com.br\/noticias\/wp-json\/wp\/v2\/tags?post=18115"}],"curies":[{"name":"wp","href":"https:\/\/api.w.org\/{rel}","templated":true}]}}