{"id":18118,"date":"2020-08-31T09:36:05","date_gmt":"2020-08-31T09:36:05","guid":{"rendered":"https:\/\/blogdorogeriogomes.com.br\/?p=18118"},"modified":"2020-08-31T14:19:25","modified_gmt":"2020-08-31T14:19:25","slug":"ceara-nao-teve-nenhuma-morte-por-covid-19-nas-ultimas-24-horas-no-brasil-foram-398-obitos","status":"publish","type":"post","link":"https:\/\/blogdorogeriogomes.com.br\/noticias\/2020\/08\/ceara-nao-teve-nenhuma-morte-por-covid-19-nas-ultimas-24-horas-no-brasil-foram-398-obitos\/","title":{"rendered":"Cear\u00e1 n\u00e3o teve nenhuma morte por Covid-19 nas \u00faltimas 24 horas. No Brasil, foram 398 \u00f3bitos"},"content":{"rendered":"\n<p>O Brasil registrou 398 mortes por causa do novo coronav\u00edrus em 24 horas, de acordo com os dados do cons\u00f3rcio nacional de ve\u00edculos de imprensa. No total, o pa\u00eds tem 120.896 \u00f3bitos. Foram registrados 15.151 novos casos da Covid-19, o que leva a 3.862.116 infectados no Brasil. Nordeste (-19%) e Sul (-21%) apresentaram desacelera\u00e7\u00e3o na m\u00e9dia m\u00f3vel de mortes pela pandemia.<\/p>\n\n\n\n<p>O Cear\u00e1 chegou a&nbsp;214.457 casos confirmados de Covid-19 desde o in\u00edcio da pandemia. S\u00e3o&nbsp;189.192 pacientes recuperados&nbsp;no Estado e&nbsp;8.384 mortes por complica\u00e7\u00f5es da doen\u00e7a.&nbsp;Segundo a Secretaria de Sa\u00fade do Estado, nenhuma morte pelo coronav\u00edrus foi registrada no Cear\u00e1 nas \u00faltimas 24 horas.<\/p>\n\n\n\n<figure class=\"wp-block-image size-large\"><img loading=\"lazy\" decoding=\"async\" width=\"678\" height=\"452\" src=\"https:\/\/blogdorogeriogomes.com.br\/wp-content\/uploads\/2020\/08\/images-2-5.jpeg\" alt=\"\" class=\"wp-image-18119\" srcset=\"https:\/\/blogdorogeriogomes.com.br\/noticias\/wp-content\/uploads\/2020\/08\/images-2-5.jpeg 678w, https:\/\/blogdorogeriogomes.com.br\/noticias\/wp-content\/uploads\/2020\/08\/images-2-5-300x200.jpeg 300w\" sizes=\"auto, (max-width: 678px) 100vw, 678px\" \/><\/figure>\n","protected":false},"excerpt":{"rendered":"<p>O Brasil registrou 398 mortes por causa do novo coronav\u00edrus em 24 horas, de acordo com os dados do cons\u00f3rcio nacional de ve\u00edculos de imprensa. No total, o pa\u00eds tem 120.896 \u00f3bitos. Foram registrados 15.151 novos casos da Covid-19, o que leva a 3.862.116 infectados no Brasil. Nordeste (-19%) e Sul (-21%) apresentaram desacelera\u00e7\u00e3o na m\u00e9dia m\u00f3vel de mortes pela pandemia. O Cear\u00e1 chegou a&nbsp;214.457 casos confirmados de Covid-19 desde o in\u00edcio da pandemia. S\u00e3o&nbsp;189.192 pacientes recuperados&nbsp;no Estado e&nbsp;8.384&hellip;<\/p>\n","protected":false},"author":1,"featured_media":18119,"comment_status":"open","ping_status":"open","sticky":false,"template":"","format":"standard","meta":{"footnotes":""},"categories":[1],"tags":[],"class_list":["post-18118","post","type-post","status-publish","format-standard","has-post-thumbnail","hentry","category-noticias"],"_links":{"self":[{"href":"https:\/\/blogdorogeriogomes.com.br\/noticias\/wp-json\/wp\/v2\/posts\/18118","targetHints":{"allow":["GET"]}}],"collection":[{"href":"https:\/\/blogdorogeriogomes.com.br\/noticias\/wp-json\/wp\/v2\/posts"}],"about":[{"href":"https:\/\/blogdorogeriogomes.com.br\/noticias\/wp-json\/wp\/v2\/types\/post"}],"author":[{"embeddable":true,"href":"https:\/\/blogdorogeriogomes.com.br\/noticias\/wp-json\/wp\/v2\/users\/1"}],"replies":[{"embeddable":true,"href":"https:\/\/blogdorogeriogomes.com.br\/noticias\/wp-json\/wp\/v2\/comments?post=18118"}],"version-history":[{"count":2,"href":"https:\/\/blogdorogeriogomes.com.br\/noticias\/wp-json\/wp\/v2\/posts\/18118\/revisions"}],"predecessor-version":[{"id":18121,"href":"https:\/\/blogdorogeriogomes.com.br\/noticias\/wp-json\/wp\/v2\/posts\/18118\/revisions\/18121"}],"wp:featuredmedia":[{"embeddable":true,"href":"https:\/\/blogdorogeriogomes.com.br\/noticias\/wp-json\/wp\/v2\/media\/18119"}],"wp:attachment":[{"href":"https:\/\/blogdorogeriogomes.com.br\/noticias\/wp-json\/wp\/v2\/media?parent=18118"}],"wp:term":[{"taxonomy":"category","embeddable":true,"href":"https:\/\/blogdorogeriogomes.com.br\/noticias\/wp-json\/wp\/v2\/categories?post=18118"},{"taxonomy":"post_tag","embeddable":true,"href":"https:\/\/blogdorogeriogomes.com.br\/noticias\/wp-json\/wp\/v2\/tags?post=18118"}],"curies":[{"name":"wp","href":"https:\/\/api.w.org\/{rel}","templated":true}]}}