{"id":18128,"date":"2020-08-31T23:23:32","date_gmt":"2020-08-31T23:23:32","guid":{"rendered":"https:\/\/blogdorogeriogomes.com.br\/?p=18128"},"modified":"2020-09-02T11:36:05","modified_gmt":"2020-09-02T11:36:05","slug":"governo-federal-envia-proposta-orcamentaria-de-2021-sem-o-renda-brasil-e-com-salario-minimo-sem-aumento-real","status":"publish","type":"post","link":"https:\/\/blogdorogeriogomes.com.br\/noticias\/2020\/08\/governo-federal-envia-proposta-orcamentaria-de-2021-sem-o-renda-brasil-e-com-salario-minimo-sem-aumento-real\/","title":{"rendered":"Governo Federal envia proposta or\u00e7ament\u00e1ria de 2021 sem o Renda Brasil e com sal\u00e1rio m\u00ednimo sem aumento real"},"content":{"rendered":"\n<p>O Governo Bolsonaro enviou a proposta or\u00e7ament\u00e1ria de 2021 para an\u00e1lise do Congresso Nacional. Os recursos para o Programa Renda Brasil, no qual a Uni\u00e3o quer substituir o Bolsa Fam\u00edlia, n\u00e3o est\u00e3o previstos na pe\u00e7a or\u00e7ament\u00e1ria. Na verdade, a equipe do ministro da Economia, Paulo Guedes (foto), ainda n\u00e3o conseguiu definir de onde vai tirar o dinheiro para manter o patamar acima de R$ 300 mensais como quer Bolsonaro.<\/p>\n\n\n\n<p>Na semana passada, Bolsonaro recusou a proposta da equipe econ\u00f4mica de reduzir benef\u00edcios sociais para financiar o Renda Brasil. Ainda n\u00e3o h\u00e1 previs\u00e3o para que o programa entre em vigor, pois a proposta est\u00e1 em negocia\u00e7\u00e3o entre o Minist\u00e9rio da Economia com o Pal\u00e1cio do Planalto e l\u00edderes partid\u00e1rios.<\/p>\n\n\n\n<p>Em rela\u00e7\u00e3o ao sal\u00e1rio m\u00ednimo, a proposta do Governo \u00e9 que o valor fique em R$ 1.067 para 2021, deixando o m\u00ednimo sem aumento real pelo segundo ano seguido. Em compara\u00e7\u00e3o aos atuais R$ 1.045, o aumento \u00e9 de R$ 22, valor que deve apenas repor a infla\u00e7\u00e3o projetada para 2020, medida pelo INPC (\u00cdndice Nacional de Pre\u00e7os ao Consumidor), de 2,09%. Na pr\u00e1tica, significa que o sal\u00e1rio m\u00ednimo ficar\u00e1 sem aumento por dois anos.<\/p>\n\n\n\n<figure class=\"wp-block-image size-large\"><img loading=\"lazy\" decoding=\"async\" width=\"768\" height=\"512\" src=\"https:\/\/blogdorogeriogomes.com.br\/wp-content\/uploads\/2020\/08\/15858521555e862efb3607d_1585852155_3x2_md.jpg\" alt=\"\" class=\"wp-image-18129\" srcset=\"https:\/\/blogdorogeriogomes.com.br\/noticias\/wp-content\/uploads\/2020\/08\/15858521555e862efb3607d_1585852155_3x2_md.jpg 768w, https:\/\/blogdorogeriogomes.com.br\/noticias\/wp-content\/uploads\/2020\/08\/15858521555e862efb3607d_1585852155_3x2_md-300x200.jpg 300w\" sizes=\"auto, (max-width: 768px) 100vw, 768px\" \/><\/figure>\n","protected":false},"excerpt":{"rendered":"<p>O Governo Bolsonaro enviou a proposta or\u00e7ament\u00e1ria de 2021 para an\u00e1lise do Congresso Nacional. Os recursos para o Programa Renda Brasil, no qual a Uni\u00e3o quer substituir o Bolsa Fam\u00edlia, n\u00e3o est\u00e3o previstos na pe\u00e7a or\u00e7ament\u00e1ria. Na verdade, a equipe do ministro da Economia, Paulo Guedes (foto), ainda n\u00e3o conseguiu definir de onde vai tirar o dinheiro para manter o patamar acima de R$ 300 mensais como quer Bolsonaro. Na semana passada, Bolsonaro recusou a proposta da equipe econ\u00f4mica&hellip;<\/p>\n","protected":false},"author":1,"featured_media":18129,"comment_status":"open","ping_status":"open","sticky":false,"template":"","format":"standard","meta":{"footnotes":""},"categories":[1],"tags":[],"class_list":["post-18128","post","type-post","status-publish","format-standard","has-post-thumbnail","hentry","category-noticias"],"_links":{"self":[{"href":"https:\/\/blogdorogeriogomes.com.br\/noticias\/wp-json\/wp\/v2\/posts\/18128","targetHints":{"allow":["GET"]}}],"collection":[{"href":"https:\/\/blogdorogeriogomes.com.br\/noticias\/wp-json\/wp\/v2\/posts"}],"about":[{"href":"https:\/\/blogdorogeriogomes.com.br\/noticias\/wp-json\/wp\/v2\/types\/post"}],"author":[{"embeddable":true,"href":"https:\/\/blogdorogeriogomes.com.br\/noticias\/wp-json\/wp\/v2\/users\/1"}],"replies":[{"embeddable":true,"href":"https:\/\/blogdorogeriogomes.com.br\/noticias\/wp-json\/wp\/v2\/comments?post=18128"}],"version-history":[{"count":1,"href":"https:\/\/blogdorogeriogomes.com.br\/noticias\/wp-json\/wp\/v2\/posts\/18128\/revisions"}],"predecessor-version":[{"id":18130,"href":"https:\/\/blogdorogeriogomes.com.br\/noticias\/wp-json\/wp\/v2\/posts\/18128\/revisions\/18130"}],"wp:featuredmedia":[{"embeddable":true,"href":"https:\/\/blogdorogeriogomes.com.br\/noticias\/wp-json\/wp\/v2\/media\/18129"}],"wp:attachment":[{"href":"https:\/\/blogdorogeriogomes.com.br\/noticias\/wp-json\/wp\/v2\/media?parent=18128"}],"wp:term":[{"taxonomy":"category","embeddable":true,"href":"https:\/\/blogdorogeriogomes.com.br\/noticias\/wp-json\/wp\/v2\/categories?post=18128"},{"taxonomy":"post_tag","embeddable":true,"href":"https:\/\/blogdorogeriogomes.com.br\/noticias\/wp-json\/wp\/v2\/tags?post=18128"}],"curies":[{"name":"wp","href":"https:\/\/api.w.org\/{rel}","templated":true}]}}