{"id":18131,"date":"2020-09-01T09:23:07","date_gmt":"2020-09-01T09:23:07","guid":{"rendered":"https:\/\/blogdorogeriogomes.com.br\/?p=18131"},"modified":"2020-09-02T11:35:54","modified_gmt":"2020-09-02T11:35:54","slug":"rede-privada-retorna-com-opcao-de-aulas-presenciais-em-fortaleza-nesta-terca-feira","status":"publish","type":"post","link":"https:\/\/blogdorogeriogomes.com.br\/noticias\/2020\/09\/rede-privada-retorna-com-opcao-de-aulas-presenciais-em-fortaleza-nesta-terca-feira\/","title":{"rendered":"Rede privada retorna com  op\u00e7\u00e3o de aulas presenciais em Fortaleza nesta ter\u00e7a-feira"},"content":{"rendered":"\n<p>De acordo com o que determina o decreto governamental que entrou em vigor nesta ter\u00e7a-feira, dia 1\u00b0 de setembro, est\u00e1 autorizado o retorno de aulas presenciais da Educa\u00e7\u00e3o Infantil na rede privada de ensino em Fortaleza. Entre as medidas de seguran\u00e7a est\u00e3o a testagem de alunos e professores, o distanciamento m\u00ednimo de 1,5 metro entre as pessoas e o uso de m\u00e1scaras pelos profissionais e crian\u00e7as a partir de 3 anos.<\/p>\n\n\n\n<p>A Secretaria de Sa\u00fade do Cear\u00e1 realizou cerca de 2.800 testes de Covid-19 em professores que retornam ao trabalho nas escolas particulares. A volta \u00e0s aulas presenciais n\u00e3o \u00e9 obrigat\u00f3ria e as escolas devem dar op\u00e7\u00e3o de ensino integralmente remoto aos pais que optarem em manter os filhos em casa.<\/p>\n\n\n\n<figure class=\"wp-block-image size-large\"><img loading=\"lazy\" decoding=\"async\" width=\"450\" height=\"337\" src=\"https:\/\/blogdorogeriogomes.com.br\/wp-content\/uploads\/2020\/09\/images.jpeg\" alt=\"\" class=\"wp-image-18132\" srcset=\"https:\/\/blogdorogeriogomes.com.br\/noticias\/wp-content\/uploads\/2020\/09\/images.jpeg 450w, https:\/\/blogdorogeriogomes.com.br\/noticias\/wp-content\/uploads\/2020\/09\/images-300x225.jpeg 300w, https:\/\/blogdorogeriogomes.com.br\/noticias\/wp-content\/uploads\/2020\/09\/images-400x300.jpeg 400w\" sizes=\"auto, (max-width: 450px) 100vw, 450px\" \/><\/figure>\n","protected":false},"excerpt":{"rendered":"<p>De acordo com o que determina o decreto governamental que entrou em vigor nesta ter\u00e7a-feira, dia 1\u00b0 de setembro, est\u00e1 autorizado o retorno de aulas presenciais da Educa\u00e7\u00e3o Infantil na rede privada de ensino em Fortaleza. Entre as medidas de seguran\u00e7a est\u00e3o a testagem de alunos e professores, o distanciamento m\u00ednimo de 1,5 metro entre as pessoas e o uso de m\u00e1scaras pelos profissionais e crian\u00e7as a partir de 3 anos. A Secretaria de Sa\u00fade do Cear\u00e1 realizou cerca&hellip;<\/p>\n","protected":false},"author":1,"featured_media":18132,"comment_status":"open","ping_status":"open","sticky":false,"template":"","format":"standard","meta":{"footnotes":""},"categories":[1],"tags":[],"class_list":["post-18131","post","type-post","status-publish","format-standard","has-post-thumbnail","hentry","category-noticias"],"_links":{"self":[{"href":"https:\/\/blogdorogeriogomes.com.br\/noticias\/wp-json\/wp\/v2\/posts\/18131","targetHints":{"allow":["GET"]}}],"collection":[{"href":"https:\/\/blogdorogeriogomes.com.br\/noticias\/wp-json\/wp\/v2\/posts"}],"about":[{"href":"https:\/\/blogdorogeriogomes.com.br\/noticias\/wp-json\/wp\/v2\/types\/post"}],"author":[{"embeddable":true,"href":"https:\/\/blogdorogeriogomes.com.br\/noticias\/wp-json\/wp\/v2\/users\/1"}],"replies":[{"embeddable":true,"href":"https:\/\/blogdorogeriogomes.com.br\/noticias\/wp-json\/wp\/v2\/comments?post=18131"}],"version-history":[{"count":1,"href":"https:\/\/blogdorogeriogomes.com.br\/noticias\/wp-json\/wp\/v2\/posts\/18131\/revisions"}],"predecessor-version":[{"id":18133,"href":"https:\/\/blogdorogeriogomes.com.br\/noticias\/wp-json\/wp\/v2\/posts\/18131\/revisions\/18133"}],"wp:featuredmedia":[{"embeddable":true,"href":"https:\/\/blogdorogeriogomes.com.br\/noticias\/wp-json\/wp\/v2\/media\/18132"}],"wp:attachment":[{"href":"https:\/\/blogdorogeriogomes.com.br\/noticias\/wp-json\/wp\/v2\/media?parent=18131"}],"wp:term":[{"taxonomy":"category","embeddable":true,"href":"https:\/\/blogdorogeriogomes.com.br\/noticias\/wp-json\/wp\/v2\/categories?post=18131"},{"taxonomy":"post_tag","embeddable":true,"href":"https:\/\/blogdorogeriogomes.com.br\/noticias\/wp-json\/wp\/v2\/tags?post=18131"}],"curies":[{"name":"wp","href":"https:\/\/api.w.org\/{rel}","templated":true}]}}