{"id":18134,"date":"2020-09-01T09:44:04","date_gmt":"2020-09-01T09:44:04","guid":{"rendered":"https:\/\/blogdorogeriogomes.com.br\/?p=18134"},"modified":"2020-09-02T11:35:47","modified_gmt":"2020-09-02T11:35:47","slug":"investigacao-sobre-esquema-de-rachadinhas-de-flavio-bolsonaro-e-concluida-e-encaminhada-para-mp-do-rio-de-janeiro","status":"publish","type":"post","link":"https:\/\/blogdorogeriogomes.com.br\/noticias\/2020\/09\/investigacao-sobre-esquema-de-rachadinhas-de-flavio-bolsonaro-e-concluida-e-encaminhada-para-mp-do-rio-de-janeiro\/","title":{"rendered":"Investiga\u00e7\u00e3o sobre esquema de rachadinhas de Fl\u00e1vio Bolsonaro \u00e9 conclu\u00edda e encaminhada para MP do Rio de Janeiro"},"content":{"rendered":"\n<p>O Minist\u00e9rio P\u00fablico do Estado do Rio de Janeiro anunciou que o Grupo de Atua\u00e7\u00e3o Especializada no Combate \u00e0 Corrup\u00e7\u00e3o concluiu as investiga\u00e7\u00f5es sobre o senador Fl\u00e1vio Bolsonaro (Republicanos). Os autos, ainda sob sigilo, agora seguem para o procurador-geral do Rio de Janeiro, Eduardo Gussem. Fl\u00e1vio Bolsonaro \u00e9 investigado por um suposto esquema de &#8220;rachadinhas&#8221; em seu gabinete na Assembleia Legislativa do Estado do Rio de Janeiro quando era deputado estadual e envolve o ex-assessor Fabr\u00edcio Queiroz, al\u00e9m da esposa dele M\u00e1rcia Aguiar.<\/p>\n\n\n\n<p>O senador justifica sua evolu\u00e7\u00e3o financeira e patrimonial com os lucros de uma filial da loja de chocolates Kopenhagem. Para a Promotoria, a loja localizada em um shopping da Barra da Tijuca lavou R$ 1,6 milh\u00e3o de reais.<\/p>\n\n\n\n<p>Enquanto isso, o Pal\u00e1cio do Planalto pressiona o Superior Tribunal de Justi\u00e7a (STJ) a manter o afastamento do governador do Rio de Janeiro, Wilson Witzel (PSC), e acredita que a corte dar\u00e1 uma decis\u00e3o favor\u00e1vel \u00e0 mudan\u00e7a no Governo do Rio de Janeiro no julgamento desta quarta-feira, dia 2 de setembro. O presidente Jair Bolsonaro j\u00e1 iniciou o processo de aproxima\u00e7\u00e3o com o governador interino, Cl\u00e1udio Castro (PSC). Nesta segunda-feira, o chefe do Executivo no Rio publicou em redes sociais a informa\u00e7\u00e3o de que recebeu uma liga\u00e7\u00e3o do senador Fl\u00e1vio Bolsonaro (Republicanos) para falar da situa\u00e7\u00e3o fiscal do Estado e oferecer apoio.<\/p>\n\n\n\n<p>Aliados do presidente apostam na rela\u00e7\u00e3o com o governador interino Cl\u00e1udio Castro para blindar a fam\u00edlia Bolsonaro e evitar desgastes jur\u00eddicos em s\u00e9rie como v\u00eam ocorrendo. Caber\u00e1 a Castro indicar o chefe do Minist\u00e9rio P\u00fablico do Rio e da Pol\u00edcia Civil, \u00f3rg\u00e3os que est\u00e3o com o presidente e seus parentes na mira.<\/p>\n\n\n\n<figure class=\"wp-block-image size-large\"><img loading=\"lazy\" decoding=\"async\" width=\"450\" height=\"337\" src=\"https:\/\/blogdorogeriogomes.com.br\/wp-content\/uploads\/2020\/09\/o-senador-flavio-bolsonaro-republicanos-rj-fala-ao-celular-no-plenario-do-senado-1589836145966_v2_450x337.jpg\" alt=\"\" class=\"wp-image-18135\" srcset=\"https:\/\/blogdorogeriogomes.com.br\/noticias\/wp-content\/uploads\/2020\/09\/o-senador-flavio-bolsonaro-republicanos-rj-fala-ao-celular-no-plenario-do-senado-1589836145966_v2_450x337.jpg 450w, https:\/\/blogdorogeriogomes.com.br\/noticias\/wp-content\/uploads\/2020\/09\/o-senador-flavio-bolsonaro-republicanos-rj-fala-ao-celular-no-plenario-do-senado-1589836145966_v2_450x337-300x225.jpg 300w, https:\/\/blogdorogeriogomes.com.br\/noticias\/wp-content\/uploads\/2020\/09\/o-senador-flavio-bolsonaro-republicanos-rj-fala-ao-celular-no-plenario-do-senado-1589836145966_v2_450x337-400x300.jpg 400w\" sizes=\"auto, (max-width: 450px) 100vw, 450px\" \/><\/figure>\n","protected":false},"excerpt":{"rendered":"<p>O Minist\u00e9rio P\u00fablico do Estado do Rio de Janeiro anunciou que o Grupo de Atua\u00e7\u00e3o Especializada no Combate \u00e0 Corrup\u00e7\u00e3o concluiu as investiga\u00e7\u00f5es sobre o senador Fl\u00e1vio Bolsonaro (Republicanos). Os autos, ainda sob sigilo, agora seguem para o procurador-geral do Rio de Janeiro, Eduardo Gussem. Fl\u00e1vio Bolsonaro \u00e9 investigado por um suposto esquema de &#8220;rachadinhas&#8221; em seu gabinete na Assembleia Legislativa do Estado do Rio de Janeiro quando era deputado estadual e envolve o ex-assessor Fabr\u00edcio Queiroz, al\u00e9m da&hellip;<\/p>\n","protected":false},"author":1,"featured_media":18135,"comment_status":"open","ping_status":"open","sticky":false,"template":"","format":"standard","meta":{"footnotes":""},"categories":[1],"tags":[],"class_list":["post-18134","post","type-post","status-publish","format-standard","has-post-thumbnail","hentry","category-noticias"],"_links":{"self":[{"href":"https:\/\/blogdorogeriogomes.com.br\/noticias\/wp-json\/wp\/v2\/posts\/18134","targetHints":{"allow":["GET"]}}],"collection":[{"href":"https:\/\/blogdorogeriogomes.com.br\/noticias\/wp-json\/wp\/v2\/posts"}],"about":[{"href":"https:\/\/blogdorogeriogomes.com.br\/noticias\/wp-json\/wp\/v2\/types\/post"}],"author":[{"embeddable":true,"href":"https:\/\/blogdorogeriogomes.com.br\/noticias\/wp-json\/wp\/v2\/users\/1"}],"replies":[{"embeddable":true,"href":"https:\/\/blogdorogeriogomes.com.br\/noticias\/wp-json\/wp\/v2\/comments?post=18134"}],"version-history":[{"count":1,"href":"https:\/\/blogdorogeriogomes.com.br\/noticias\/wp-json\/wp\/v2\/posts\/18134\/revisions"}],"predecessor-version":[{"id":18136,"href":"https:\/\/blogdorogeriogomes.com.br\/noticias\/wp-json\/wp\/v2\/posts\/18134\/revisions\/18136"}],"wp:featuredmedia":[{"embeddable":true,"href":"https:\/\/blogdorogeriogomes.com.br\/noticias\/wp-json\/wp\/v2\/media\/18135"}],"wp:attachment":[{"href":"https:\/\/blogdorogeriogomes.com.br\/noticias\/wp-json\/wp\/v2\/media?parent=18134"}],"wp:term":[{"taxonomy":"category","embeddable":true,"href":"https:\/\/blogdorogeriogomes.com.br\/noticias\/wp-json\/wp\/v2\/categories?post=18134"},{"taxonomy":"post_tag","embeddable":true,"href":"https:\/\/blogdorogeriogomes.com.br\/noticias\/wp-json\/wp\/v2\/tags?post=18134"}],"curies":[{"name":"wp","href":"https:\/\/api.w.org\/{rel}","templated":true}]}}