{"id":18137,"date":"2020-09-01T19:25:48","date_gmt":"2020-09-01T19:25:48","guid":{"rendered":"https:\/\/blogdorogeriogomes.com.br\/?p=18137"},"modified":"2020-09-02T11:35:36","modified_gmt":"2020-09-02T11:35:36","slug":"dallagnol-deixa-comando-da-operacao-lava-jato-em-curitiba","status":"publish","type":"post","link":"https:\/\/blogdorogeriogomes.com.br\/noticias\/2020\/09\/dallagnol-deixa-comando-da-operacao-lava-jato-em-curitiba\/","title":{"rendered":"Dallagnol deixa comando da Opera\u00e7\u00e3o Lava Jato em Curitiba"},"content":{"rendered":"\n<p>A for\u00e7a-tarefa da Lava Jato de Curitiba anunciou oficialmente no in\u00edcio da tarde desta ter\u00e7a-feira, dia 1\u00b0 de setembro, a&nbsp;sa\u00edda do procurador Deltan Dallagnol&nbsp;da coordena\u00e7\u00e3o do grupo. A Lava Jato comunicou que o cargo de Dallagnol dever\u00e1 ser ocupado pelo procurador da Rep\u00fablica no Paran\u00e1 Alessandro Jos\u00e9 Fernandes de Oliveira. A transi\u00e7\u00e3o acontecer\u00e1 num.prazo de 15 dias.<\/p>\n\n\n\n<p>Deltan Dallagnol enfrenta hoje press\u00f5es contra sua atua\u00e7\u00e3o na Lava Jato. O Conselho Nacional do Minist\u00e9rio P\u00fablico tem processos contra ele \u00e0 espera de julgamento. Caso fosse condenado, ele poderia ser afastado compulsoriamente da for\u00e7a-tarefa.<\/p>\n\n\n\n<p>A exist\u00eancia for\u00e7a-tarefa em seu modelo atual est\u00e1 atualmente em discuss\u00e3o na Procuradoria-Geral da Rep\u00fablica. At\u00e9 o dia 9 de setembro, o procurador-geral Augusto Aras precisa decidir se prorroga o trabalho do grupo ou at\u00e9 mesmo se vai extingui-lo.<\/p>\n\n\n\n<figure class=\"wp-block-image size-large\"><img loading=\"lazy\" decoding=\"async\" width=\"868\" height=\"644\" src=\"https:\/\/blogdorogeriogomes.com.br\/wp-content\/uploads\/2020\/09\/deltan-dallagnol-868x644-1.jpg\" alt=\"\" class=\"wp-image-18138\" srcset=\"https:\/\/blogdorogeriogomes.com.br\/noticias\/wp-content\/uploads\/2020\/09\/deltan-dallagnol-868x644-1.jpg 868w, https:\/\/blogdorogeriogomes.com.br\/noticias\/wp-content\/uploads\/2020\/09\/deltan-dallagnol-868x644-1-300x223.jpg 300w, https:\/\/blogdorogeriogomes.com.br\/noticias\/wp-content\/uploads\/2020\/09\/deltan-dallagnol-868x644-1-768x570.jpg 768w, https:\/\/blogdorogeriogomes.com.br\/noticias\/wp-content\/uploads\/2020\/09\/deltan-dallagnol-868x644-1-800x594.jpg 800w\" sizes=\"auto, (max-width: 868px) 100vw, 868px\" \/><\/figure>\n","protected":false},"excerpt":{"rendered":"<p>A for\u00e7a-tarefa da Lava Jato de Curitiba anunciou oficialmente no in\u00edcio da tarde desta ter\u00e7a-feira, dia 1\u00b0 de setembro, a&nbsp;sa\u00edda do procurador Deltan Dallagnol&nbsp;da coordena\u00e7\u00e3o do grupo. A Lava Jato comunicou que o cargo de Dallagnol dever\u00e1 ser ocupado pelo procurador da Rep\u00fablica no Paran\u00e1 Alessandro Jos\u00e9 Fernandes de Oliveira. A transi\u00e7\u00e3o acontecer\u00e1 num.prazo de 15 dias. Deltan Dallagnol enfrenta hoje press\u00f5es contra sua atua\u00e7\u00e3o na Lava Jato. O Conselho Nacional do Minist\u00e9rio P\u00fablico tem processos contra ele \u00e0&hellip;<\/p>\n","protected":false},"author":1,"featured_media":18138,"comment_status":"open","ping_status":"open","sticky":false,"template":"","format":"standard","meta":{"footnotes":""},"categories":[1],"tags":[],"class_list":["post-18137","post","type-post","status-publish","format-standard","has-post-thumbnail","hentry","category-noticias"],"_links":{"self":[{"href":"https:\/\/blogdorogeriogomes.com.br\/noticias\/wp-json\/wp\/v2\/posts\/18137","targetHints":{"allow":["GET"]}}],"collection":[{"href":"https:\/\/blogdorogeriogomes.com.br\/noticias\/wp-json\/wp\/v2\/posts"}],"about":[{"href":"https:\/\/blogdorogeriogomes.com.br\/noticias\/wp-json\/wp\/v2\/types\/post"}],"author":[{"embeddable":true,"href":"https:\/\/blogdorogeriogomes.com.br\/noticias\/wp-json\/wp\/v2\/users\/1"}],"replies":[{"embeddable":true,"href":"https:\/\/blogdorogeriogomes.com.br\/noticias\/wp-json\/wp\/v2\/comments?post=18137"}],"version-history":[{"count":2,"href":"https:\/\/blogdorogeriogomes.com.br\/noticias\/wp-json\/wp\/v2\/posts\/18137\/revisions"}],"predecessor-version":[{"id":18153,"href":"https:\/\/blogdorogeriogomes.com.br\/noticias\/wp-json\/wp\/v2\/posts\/18137\/revisions\/18153"}],"wp:featuredmedia":[{"embeddable":true,"href":"https:\/\/blogdorogeriogomes.com.br\/noticias\/wp-json\/wp\/v2\/media\/18138"}],"wp:attachment":[{"href":"https:\/\/blogdorogeriogomes.com.br\/noticias\/wp-json\/wp\/v2\/media?parent=18137"}],"wp:term":[{"taxonomy":"category","embeddable":true,"href":"https:\/\/blogdorogeriogomes.com.br\/noticias\/wp-json\/wp\/v2\/categories?post=18137"},{"taxonomy":"post_tag","embeddable":true,"href":"https:\/\/blogdorogeriogomes.com.br\/noticias\/wp-json\/wp\/v2\/tags?post=18137"}],"curies":[{"name":"wp","href":"https:\/\/api.w.org\/{rel}","templated":true}]}}