{"id":18140,"date":"2020-09-01T19:51:18","date_gmt":"2020-09-01T19:51:18","guid":{"rendered":"https:\/\/blogdorogeriogomes.com.br\/?p=18140"},"modified":"2020-09-02T11:35:27","modified_gmt":"2020-09-02T11:35:27","slug":"reforma-administrativa-de-bolsonaro-deve-chegar-ao-congresso-nesta-quinta-feira","status":"publish","type":"post","link":"https:\/\/blogdorogeriogomes.com.br\/noticias\/2020\/09\/reforma-administrativa-de-bolsonaro-deve-chegar-ao-congresso-nesta-quinta-feira\/","title":{"rendered":"Reforma administrativa de Bolsonaro deve chegar ao Congresso nesta quinta-feira"},"content":{"rendered":"\n<p>O presidente Jair Bolsonaro anunciou que encaminhar\u00e1 nesta quinta-feira, dia 3 de setembro, ao Congresso Nacional a proposta do governo para a reforma administrativa. Bolsonaro disse que a proposta do governo n\u00e3o afetar\u00e1 os atuais servidores p\u00fablicos, apenas aqueles que entrarem no governo ap\u00f3s a aprova\u00e7\u00e3o, mas n\u00e3o deu detalhes sobre as mudan\u00e7as previstas no projeto.<\/p>\n\n\n\n<p>Junto com o envio da reforma administrativa, o presidente Bolsonaro tamb\u00e9m anunciou a prorroga\u00e7\u00e3o do aux\u00edlio emergencial, pago a trabalhadores informais, por mais quatro meses, de setembro a dezembro, no valor de R$ 300 por parcela. O Congresso Nacional precisa confirmar o valor. <\/p>\n\n\n\n<p>Na campanha por \u201cnenhum real a menos\u201d, as centrais sindicais come\u00e7am a pressionar deputados e senadores contra a proposta do governo de Jair Bolsonaro que corta pela metade o aux\u00edlio emergencial.<\/p>\n\n\n\n<figure class=\"wp-block-image size-large\"><img loading=\"lazy\" decoding=\"async\" width=\"1024\" height=\"576\" src=\"https:\/\/blogdorogeriogomes.com.br\/wp-content\/uploads\/2020\/09\/age20200901023-1024x576.jpg\" alt=\"\" class=\"wp-image-18141\" srcset=\"https:\/\/blogdorogeriogomes.com.br\/noticias\/wp-content\/uploads\/2020\/09\/age20200901023-1024x576.jpg 1024w, https:\/\/blogdorogeriogomes.com.br\/noticias\/wp-content\/uploads\/2020\/09\/age20200901023-300x169.jpg 300w, https:\/\/blogdorogeriogomes.com.br\/noticias\/wp-content\/uploads\/2020\/09\/age20200901023-768x432.jpg 768w, https:\/\/blogdorogeriogomes.com.br\/noticias\/wp-content\/uploads\/2020\/09\/age20200901023-800x450.jpg 800w, https:\/\/blogdorogeriogomes.com.br\/noticias\/wp-content\/uploads\/2020\/09\/age20200901023.jpg 1080w\" sizes=\"auto, (max-width: 1024px) 100vw, 1024px\" \/><\/figure>\n","protected":false},"excerpt":{"rendered":"<p>O presidente Jair Bolsonaro anunciou que encaminhar\u00e1 nesta quinta-feira, dia 3 de setembro, ao Congresso Nacional a proposta do governo para a reforma administrativa. Bolsonaro disse que a proposta do governo n\u00e3o afetar\u00e1 os atuais servidores p\u00fablicos, apenas aqueles que entrarem no governo ap\u00f3s a aprova\u00e7\u00e3o, mas n\u00e3o deu detalhes sobre as mudan\u00e7as previstas no projeto. Junto com o envio da reforma administrativa, o presidente Bolsonaro tamb\u00e9m anunciou a prorroga\u00e7\u00e3o do aux\u00edlio emergencial, pago a trabalhadores informais, por mais&hellip;<\/p>\n","protected":false},"author":1,"featured_media":18141,"comment_status":"open","ping_status":"open","sticky":false,"template":"","format":"standard","meta":{"footnotes":""},"categories":[1],"tags":[],"class_list":["post-18140","post","type-post","status-publish","format-standard","has-post-thumbnail","hentry","category-noticias"],"_links":{"self":[{"href":"https:\/\/blogdorogeriogomes.com.br\/noticias\/wp-json\/wp\/v2\/posts\/18140","targetHints":{"allow":["GET"]}}],"collection":[{"href":"https:\/\/blogdorogeriogomes.com.br\/noticias\/wp-json\/wp\/v2\/posts"}],"about":[{"href":"https:\/\/blogdorogeriogomes.com.br\/noticias\/wp-json\/wp\/v2\/types\/post"}],"author":[{"embeddable":true,"href":"https:\/\/blogdorogeriogomes.com.br\/noticias\/wp-json\/wp\/v2\/users\/1"}],"replies":[{"embeddable":true,"href":"https:\/\/blogdorogeriogomes.com.br\/noticias\/wp-json\/wp\/v2\/comments?post=18140"}],"version-history":[{"count":1,"href":"https:\/\/blogdorogeriogomes.com.br\/noticias\/wp-json\/wp\/v2\/posts\/18140\/revisions"}],"predecessor-version":[{"id":18142,"href":"https:\/\/blogdorogeriogomes.com.br\/noticias\/wp-json\/wp\/v2\/posts\/18140\/revisions\/18142"}],"wp:featuredmedia":[{"embeddable":true,"href":"https:\/\/blogdorogeriogomes.com.br\/noticias\/wp-json\/wp\/v2\/media\/18141"}],"wp:attachment":[{"href":"https:\/\/blogdorogeriogomes.com.br\/noticias\/wp-json\/wp\/v2\/media?parent=18140"}],"wp:term":[{"taxonomy":"category","embeddable":true,"href":"https:\/\/blogdorogeriogomes.com.br\/noticias\/wp-json\/wp\/v2\/categories?post=18140"},{"taxonomy":"post_tag","embeddable":true,"href":"https:\/\/blogdorogeriogomes.com.br\/noticias\/wp-json\/wp\/v2\/tags?post=18140"}],"curies":[{"name":"wp","href":"https:\/\/api.w.org\/{rel}","templated":true}]}}