{"id":18143,"date":"2020-09-01T20:07:30","date_gmt":"2020-09-01T20:07:30","guid":{"rendered":"https:\/\/blogdorogeriogomes.com.br\/?p=18143"},"modified":"2020-09-02T11:35:15","modified_gmt":"2020-09-02T11:35:15","slug":"creditos-da-carteira-de-estudante-serao-transferidos-nesta-quarta-feira-diz-etufor","status":"publish","type":"post","link":"https:\/\/blogdorogeriogomes.com.br\/noticias\/2020\/09\/creditos-da-carteira-de-estudante-serao-transferidos-nesta-quarta-feira-diz-etufor\/","title":{"rendered":"Cr\u00e9ditos da carteira de estudante ser\u00e3o transferidos nesta quarta-feira, diz Etufor"},"content":{"rendered":"\n<p>Os cr\u00e9ditos das carteiras estudantis de 2019 devem ser transferidos para as carteiras de 2020 a partir desta quarta-feira, dia 2 de setembro, de acordo com a Empresa de Transporte Urbano de Fortaleza (Etufor). O documento teve validade antecipada em um dia e foi oficialmente ativado nesta segunda-feira, dia 31 de agosto.<\/p>\n\n\n\n<p>&#8220;Para os alunos que possuem cr\u00e9dito na carteira de 2019, os cr\u00e9ditos ser\u00e3o transferidos automaticamente para a carteira de 2020 a partir de amanh\u00e3&#8221;, disse Ivanderly Carvalho, chefe da Divis\u00e3o de Gest\u00e3o das Carteiras de Estudante da Etufor.<\/p>\n\n\n\n<figure class=\"wp-block-image size-large\"><img loading=\"lazy\" decoding=\"async\" width=\"705\" height=\"435\" src=\"https:\/\/blogdorogeriogomes.com.br\/wp-content\/uploads\/2020\/09\/images-1.jpeg\" alt=\"\" class=\"wp-image-18144\" srcset=\"https:\/\/blogdorogeriogomes.com.br\/noticias\/wp-content\/uploads\/2020\/09\/images-1.jpeg 705w, https:\/\/blogdorogeriogomes.com.br\/noticias\/wp-content\/uploads\/2020\/09\/images-1-300x185.jpeg 300w\" sizes=\"auto, (max-width: 705px) 100vw, 705px\" \/><\/figure>\n","protected":false},"excerpt":{"rendered":"<p>Os cr\u00e9ditos das carteiras estudantis de 2019 devem ser transferidos para as carteiras de 2020 a partir desta quarta-feira, dia 2 de setembro, de acordo com a Empresa de Transporte Urbano de Fortaleza (Etufor). O documento teve validade antecipada em um dia e foi oficialmente ativado nesta segunda-feira, dia 31 de agosto. &#8220;Para os alunos que possuem cr\u00e9dito na carteira de 2019, os cr\u00e9ditos ser\u00e3o transferidos automaticamente para a carteira de 2020 a partir de amanh\u00e3&#8221;, disse Ivanderly Carvalho,&hellip;<\/p>\n","protected":false},"author":1,"featured_media":18144,"comment_status":"open","ping_status":"open","sticky":false,"template":"","format":"standard","meta":{"footnotes":""},"categories":[1],"tags":[],"class_list":["post-18143","post","type-post","status-publish","format-standard","has-post-thumbnail","hentry","category-noticias"],"_links":{"self":[{"href":"https:\/\/blogdorogeriogomes.com.br\/noticias\/wp-json\/wp\/v2\/posts\/18143","targetHints":{"allow":["GET"]}}],"collection":[{"href":"https:\/\/blogdorogeriogomes.com.br\/noticias\/wp-json\/wp\/v2\/posts"}],"about":[{"href":"https:\/\/blogdorogeriogomes.com.br\/noticias\/wp-json\/wp\/v2\/types\/post"}],"author":[{"embeddable":true,"href":"https:\/\/blogdorogeriogomes.com.br\/noticias\/wp-json\/wp\/v2\/users\/1"}],"replies":[{"embeddable":true,"href":"https:\/\/blogdorogeriogomes.com.br\/noticias\/wp-json\/wp\/v2\/comments?post=18143"}],"version-history":[{"count":1,"href":"https:\/\/blogdorogeriogomes.com.br\/noticias\/wp-json\/wp\/v2\/posts\/18143\/revisions"}],"predecessor-version":[{"id":18145,"href":"https:\/\/blogdorogeriogomes.com.br\/noticias\/wp-json\/wp\/v2\/posts\/18143\/revisions\/18145"}],"wp:featuredmedia":[{"embeddable":true,"href":"https:\/\/blogdorogeriogomes.com.br\/noticias\/wp-json\/wp\/v2\/media\/18144"}],"wp:attachment":[{"href":"https:\/\/blogdorogeriogomes.com.br\/noticias\/wp-json\/wp\/v2\/media?parent=18143"}],"wp:term":[{"taxonomy":"category","embeddable":true,"href":"https:\/\/blogdorogeriogomes.com.br\/noticias\/wp-json\/wp\/v2\/categories?post=18143"},{"taxonomy":"post_tag","embeddable":true,"href":"https:\/\/blogdorogeriogomes.com.br\/noticias\/wp-json\/wp\/v2\/tags?post=18143"}],"curies":[{"name":"wp","href":"https:\/\/api.w.org\/{rel}","templated":true}]}}