{"id":18149,"date":"2020-09-02T09:35:44","date_gmt":"2020-09-02T09:35:44","guid":{"rendered":"https:\/\/blogdorogeriogomes.com.br\/?p=18149"},"modified":"2020-09-02T11:35:07","modified_gmt":"2020-09-02T11:35:07","slug":"18149","status":"publish","type":"post","link":"https:\/\/blogdorogeriogomes.com.br\/noticias\/2020\/09\/18149\/","title":{"rendered":"Campanha do Governo Federal com base em frase de Bolsonaro desestimula uso da vacina contra a Covid-19"},"content":{"rendered":"\n<p>O presidente Jair Bolsonaro afirmou, nesta ter\u00e7a-feira, dia 1\u00b0 de setembro, que &#8220;ningu\u00e9m pode obrigar ningu\u00e9m a tomar vacina&#8221;, em refer\u00eancia a uma poss\u00edvel futura campanha de vacina\u00e7\u00e3o contra a Covid-19. A fala de Bolsonaro foi publicada nas redes sociais pela Secretaria de Comunica\u00e7\u00e3o do Governo Federal. Na pe\u00e7a publicit\u00e1ria, aparece em destaque frase dita pelo presidente Jair Bolsonaro se opondo \u00e0 obrigatoriedade da vacina\u00e7\u00e3o do novo coronav\u00edrus.<\/p>\n\n\n\n<p>M\u00e9dicos, infectologistas e constitucionalistas criticaram mais esse posicionamento negacionista do Governo Federal diante da pandemia. A avalia\u00e7\u00e3o \u00e9 que desestimular a vacina\u00e7\u00e3o \u00e9 inconstitucional e pode trazer graves preju\u00edzos ao combate \u00e0 pandemia e outras doen\u00e7as.<\/p>\n\n\n\n<p>O Brasil j\u00e1 registrou mais de 122 mil mortes por Covid-19, al\u00e9m de quase 4 milh\u00f5es de pessoas diagnosticadas com a doen\u00e7a.<\/p>\n\n\n\n<figure class=\"wp-block-image size-large\"><img loading=\"lazy\" decoding=\"async\" width=\"450\" height=\"337\" src=\"https:\/\/blogdorogeriogomes.com.br\/wp-content\/uploads\/2020\/09\/imagem-ilustrativa-da-vacina-contra-a-covid-19-causada-pelo-novo-coronavirus-1595536745277_v2_450x337.jpg\" alt=\"\" class=\"wp-image-18150\" srcset=\"https:\/\/blogdorogeriogomes.com.br\/noticias\/wp-content\/uploads\/2020\/09\/imagem-ilustrativa-da-vacina-contra-a-covid-19-causada-pelo-novo-coronavirus-1595536745277_v2_450x337.jpg 450w, https:\/\/blogdorogeriogomes.com.br\/noticias\/wp-content\/uploads\/2020\/09\/imagem-ilustrativa-da-vacina-contra-a-covid-19-causada-pelo-novo-coronavirus-1595536745277_v2_450x337-300x225.jpg 300w, https:\/\/blogdorogeriogomes.com.br\/noticias\/wp-content\/uploads\/2020\/09\/imagem-ilustrativa-da-vacina-contra-a-covid-19-causada-pelo-novo-coronavirus-1595536745277_v2_450x337-400x300.jpg 400w\" sizes=\"auto, (max-width: 450px) 100vw, 450px\" \/><\/figure>\n","protected":false},"excerpt":{"rendered":"<p>O presidente Jair Bolsonaro afirmou, nesta ter\u00e7a-feira, dia 1\u00b0 de setembro, que &#8220;ningu\u00e9m pode obrigar ningu\u00e9m a tomar vacina&#8221;, em refer\u00eancia a uma poss\u00edvel futura campanha de vacina\u00e7\u00e3o contra a Covid-19. A fala de Bolsonaro foi publicada nas redes sociais pela Secretaria de Comunica\u00e7\u00e3o do Governo Federal. Na pe\u00e7a publicit\u00e1ria, aparece em destaque frase dita pelo presidente Jair Bolsonaro se opondo \u00e0 obrigatoriedade da vacina\u00e7\u00e3o do novo coronav\u00edrus. M\u00e9dicos, infectologistas e constitucionalistas criticaram mais esse posicionamento negacionista do Governo&hellip;<\/p>\n","protected":false},"author":1,"featured_media":18150,"comment_status":"open","ping_status":"open","sticky":false,"template":"","format":"standard","meta":{"footnotes":""},"categories":[1],"tags":[],"class_list":["post-18149","post","type-post","status-publish","format-standard","has-post-thumbnail","hentry","category-noticias"],"_links":{"self":[{"href":"https:\/\/blogdorogeriogomes.com.br\/noticias\/wp-json\/wp\/v2\/posts\/18149","targetHints":{"allow":["GET"]}}],"collection":[{"href":"https:\/\/blogdorogeriogomes.com.br\/noticias\/wp-json\/wp\/v2\/posts"}],"about":[{"href":"https:\/\/blogdorogeriogomes.com.br\/noticias\/wp-json\/wp\/v2\/types\/post"}],"author":[{"embeddable":true,"href":"https:\/\/blogdorogeriogomes.com.br\/noticias\/wp-json\/wp\/v2\/users\/1"}],"replies":[{"embeddable":true,"href":"https:\/\/blogdorogeriogomes.com.br\/noticias\/wp-json\/wp\/v2\/comments?post=18149"}],"version-history":[{"count":2,"href":"https:\/\/blogdorogeriogomes.com.br\/noticias\/wp-json\/wp\/v2\/posts\/18149\/revisions"}],"predecessor-version":[{"id":18152,"href":"https:\/\/blogdorogeriogomes.com.br\/noticias\/wp-json\/wp\/v2\/posts\/18149\/revisions\/18152"}],"wp:featuredmedia":[{"embeddable":true,"href":"https:\/\/blogdorogeriogomes.com.br\/noticias\/wp-json\/wp\/v2\/media\/18150"}],"wp:attachment":[{"href":"https:\/\/blogdorogeriogomes.com.br\/noticias\/wp-json\/wp\/v2\/media?parent=18149"}],"wp:term":[{"taxonomy":"category","embeddable":true,"href":"https:\/\/blogdorogeriogomes.com.br\/noticias\/wp-json\/wp\/v2\/categories?post=18149"},{"taxonomy":"post_tag","embeddable":true,"href":"https:\/\/blogdorogeriogomes.com.br\/noticias\/wp-json\/wp\/v2\/tags?post=18149"}],"curies":[{"name":"wp","href":"https:\/\/api.w.org\/{rel}","templated":true}]}}