{"id":18154,"date":"2020-09-02T17:43:25","date_gmt":"2020-09-02T17:43:25","guid":{"rendered":"https:\/\/blogdorogeriogomes.com.br\/?p=18154"},"modified":"2020-09-03T14:37:04","modified_gmt":"2020-09-03T14:37:04","slug":"fortaleza-liquida-acontece-em-setembro-e-lojas-vao-funcionar-no-feriado-de-7-de-setembro","status":"publish","type":"post","link":"https:\/\/blogdorogeriogomes.com.br\/noticias\/2020\/09\/fortaleza-liquida-acontece-em-setembro-e-lojas-vao-funcionar-no-feriado-de-7-de-setembro\/","title":{"rendered":"Fortaleza Liquida acontece em setembro e lojas v\u00e3o funcionar no Feriado de 7 de Setembro"},"content":{"rendered":"\n<p>A C\u00e2mara de Dirigentes Lojistas de Fortaleza (CDL) confirmou que o com\u00e9rcio vai funcionar normalmente no Feriado de 7 de Setembro. A ideia \u00e9 aquecer as vendas ap\u00f3s os preju\u00edzos causados pela pandemia do coronav\u00edrus com a queda no movimento das lojas. E para incentivar o consumo, a CDL lan\u00e7ou, nesta quarta-feira, dia 2 de setembro, a 11\u00b0 edi\u00e7\u00e3o da campanha Fortaleza Liquida, que premia consumidores e vendedores de lojas de Fortaleza com motos, carros e outros produtos. O per\u00edodo de promo\u00e7\u00f5es ser\u00e1  entre os dias 3 e 13 de setembro. A&nbsp;cada R$ 50 reais em compras, o cliente ganha um cupom para concorrer.<\/p>\n\n\n\n<p>Os pr\u00eamios do Fortaleza Liquida 2020 incluem um Toyota Corolla, uma moto Yamaha e um caminh\u00e3o carregado de pr\u00eamios. Os vendedores dos tr\u00eas cupons v\u00e1lidos sorteados ir\u00e3o ganhar vales-compra no valor de R$ 1.000 reais. A promo\u00e7\u00e3o envolve as lojas do Centro e outros corredores comerciais, al\u00e9m dos principais shoppings de Fortaleza.<\/p>\n\n\n\n<figure class=\"wp-block-image size-large\"><img loading=\"lazy\" decoding=\"async\" width=\"616\" height=\"498\" src=\"https:\/\/blogdorogeriogomes.com.br\/wp-content\/uploads\/2020\/09\/images-2-1.jpeg\" alt=\"\" class=\"wp-image-18155\" srcset=\"https:\/\/blogdorogeriogomes.com.br\/noticias\/wp-content\/uploads\/2020\/09\/images-2-1.jpeg 616w, https:\/\/blogdorogeriogomes.com.br\/noticias\/wp-content\/uploads\/2020\/09\/images-2-1-300x243.jpeg 300w\" sizes=\"auto, (max-width: 616px) 100vw, 616px\" \/><\/figure>\n","protected":false},"excerpt":{"rendered":"<p>A C\u00e2mara de Dirigentes Lojistas de Fortaleza (CDL) confirmou que o com\u00e9rcio vai funcionar normalmente no Feriado de 7 de Setembro. A ideia \u00e9 aquecer as vendas ap\u00f3s os preju\u00edzos causados pela pandemia do coronav\u00edrus com a queda no movimento das lojas. E para incentivar o consumo, a CDL lan\u00e7ou, nesta quarta-feira, dia 2 de setembro, a 11\u00b0 edi\u00e7\u00e3o da campanha Fortaleza Liquida, que premia consumidores e vendedores de lojas de Fortaleza com motos, carros e outros produtos. O&hellip;<\/p>\n","protected":false},"author":1,"featured_media":18155,"comment_status":"open","ping_status":"open","sticky":false,"template":"","format":"standard","meta":{"footnotes":""},"categories":[1],"tags":[],"class_list":["post-18154","post","type-post","status-publish","format-standard","has-post-thumbnail","hentry","category-noticias"],"_links":{"self":[{"href":"https:\/\/blogdorogeriogomes.com.br\/noticias\/wp-json\/wp\/v2\/posts\/18154","targetHints":{"allow":["GET"]}}],"collection":[{"href":"https:\/\/blogdorogeriogomes.com.br\/noticias\/wp-json\/wp\/v2\/posts"}],"about":[{"href":"https:\/\/blogdorogeriogomes.com.br\/noticias\/wp-json\/wp\/v2\/types\/post"}],"author":[{"embeddable":true,"href":"https:\/\/blogdorogeriogomes.com.br\/noticias\/wp-json\/wp\/v2\/users\/1"}],"replies":[{"embeddable":true,"href":"https:\/\/blogdorogeriogomes.com.br\/noticias\/wp-json\/wp\/v2\/comments?post=18154"}],"version-history":[{"count":2,"href":"https:\/\/blogdorogeriogomes.com.br\/noticias\/wp-json\/wp\/v2\/posts\/18154\/revisions"}],"predecessor-version":[{"id":18157,"href":"https:\/\/blogdorogeriogomes.com.br\/noticias\/wp-json\/wp\/v2\/posts\/18154\/revisions\/18157"}],"wp:featuredmedia":[{"embeddable":true,"href":"https:\/\/blogdorogeriogomes.com.br\/noticias\/wp-json\/wp\/v2\/media\/18155"}],"wp:attachment":[{"href":"https:\/\/blogdorogeriogomes.com.br\/noticias\/wp-json\/wp\/v2\/media?parent=18154"}],"wp:term":[{"taxonomy":"category","embeddable":true,"href":"https:\/\/blogdorogeriogomes.com.br\/noticias\/wp-json\/wp\/v2\/categories?post=18154"},{"taxonomy":"post_tag","embeddable":true,"href":"https:\/\/blogdorogeriogomes.com.br\/noticias\/wp-json\/wp\/v2\/tags?post=18154"}],"curies":[{"name":"wp","href":"https:\/\/api.w.org\/{rel}","templated":true}]}}