{"id":18158,"date":"2020-09-02T23:02:54","date_gmt":"2020-09-02T23:02:54","guid":{"rendered":"https:\/\/blogdorogeriogomes.com.br\/?p=18158"},"modified":"2020-09-03T14:34:52","modified_gmt":"2020-09-03T14:34:52","slug":"stj-decide-manter-afastamento-do-governador-do-rio-de-janeiro-wilson-witzel","status":"publish","type":"post","link":"https:\/\/blogdorogeriogomes.com.br\/noticias\/2020\/09\/stj-decide-manter-afastamento-do-governador-do-rio-de-janeiro-wilson-witzel\/","title":{"rendered":"STJ decide manter afastamento do governador do Rio de Janeiro, Wilson Witzel"},"content":{"rendered":"\n<p>O Superior Tribunal de Justi\u00e7a (STJ) formou maioria e decidiu por 14 a 1, nesta quarta-feira, dia 2 de setembro, manter Wilson Witzel (PSC) afastado do comando do governo do Rio de Janeiro. Witzel foi afastado na \u00faltima sexta-feira, dia 28 de agosto, por decis\u00e3o monocr\u00e1tica do ministro Bendito Gon\u00e7alves, que atendeu a um pedido do Minist\u00e9rio P\u00fablico. A PGR chegou a pedir a pris\u00e3o do governador, mas o pedido foi negado pelo STJ.<\/p>\n\n\n\n<p>No julgamento, os ministros apontaram a gravidade dos ind\u00edcios apontados na investiga\u00e7\u00e3o, como o pagamento de contas em dinheiro vivo. <\/p>\n\n\n\n<p>Witzel, ex-aliado e hoje inimigo pol\u00edtico do presidente Jair Bolsonaro, tamb\u00e9m enfrenta a possibilidade de impeachment da Assembleia Legislativa do Rio de Janeiro, que decidiu hoje estender em mais cinco dias o prazo para o governador afastado, Wilson Witzel, apresentar sua defesa no processo de impeachment.<\/p>\n\n\n\n<figure class=\"wp-block-image size-large\"><img loading=\"lazy\" decoding=\"async\" width=\"450\" height=\"337\" src=\"https:\/\/blogdorogeriogomes.com.br\/wp-content\/uploads\/2020\/09\/wilson-witzel-governador-afastado-do-rio-1598903465592_v2_450x337.jpg\" alt=\"\" class=\"wp-image-18159\" srcset=\"https:\/\/blogdorogeriogomes.com.br\/noticias\/wp-content\/uploads\/2020\/09\/wilson-witzel-governador-afastado-do-rio-1598903465592_v2_450x337.jpg 450w, https:\/\/blogdorogeriogomes.com.br\/noticias\/wp-content\/uploads\/2020\/09\/wilson-witzel-governador-afastado-do-rio-1598903465592_v2_450x337-300x225.jpg 300w, https:\/\/blogdorogeriogomes.com.br\/noticias\/wp-content\/uploads\/2020\/09\/wilson-witzel-governador-afastado-do-rio-1598903465592_v2_450x337-400x300.jpg 400w\" sizes=\"auto, (max-width: 450px) 100vw, 450px\" \/><\/figure>\n\n\n\n<p><\/p>\n","protected":false},"excerpt":{"rendered":"<p>O Superior Tribunal de Justi\u00e7a (STJ) formou maioria e decidiu por 14 a 1, nesta quarta-feira, dia 2 de setembro, manter Wilson Witzel (PSC) afastado do comando do governo do Rio de Janeiro. Witzel foi afastado na \u00faltima sexta-feira, dia 28 de agosto, por decis\u00e3o monocr\u00e1tica do ministro Bendito Gon\u00e7alves, que atendeu a um pedido do Minist\u00e9rio P\u00fablico. A PGR chegou a pedir a pris\u00e3o do governador, mas o pedido foi negado pelo STJ. No julgamento, os ministros apontaram&hellip;<\/p>\n","protected":false},"author":1,"featured_media":18159,"comment_status":"open","ping_status":"open","sticky":false,"template":"","format":"standard","meta":{"footnotes":""},"categories":[1],"tags":[],"class_list":["post-18158","post","type-post","status-publish","format-standard","has-post-thumbnail","hentry","category-noticias"],"_links":{"self":[{"href":"https:\/\/blogdorogeriogomes.com.br\/noticias\/wp-json\/wp\/v2\/posts\/18158","targetHints":{"allow":["GET"]}}],"collection":[{"href":"https:\/\/blogdorogeriogomes.com.br\/noticias\/wp-json\/wp\/v2\/posts"}],"about":[{"href":"https:\/\/blogdorogeriogomes.com.br\/noticias\/wp-json\/wp\/v2\/types\/post"}],"author":[{"embeddable":true,"href":"https:\/\/blogdorogeriogomes.com.br\/noticias\/wp-json\/wp\/v2\/users\/1"}],"replies":[{"embeddable":true,"href":"https:\/\/blogdorogeriogomes.com.br\/noticias\/wp-json\/wp\/v2\/comments?post=18158"}],"version-history":[{"count":1,"href":"https:\/\/blogdorogeriogomes.com.br\/noticias\/wp-json\/wp\/v2\/posts\/18158\/revisions"}],"predecessor-version":[{"id":18160,"href":"https:\/\/blogdorogeriogomes.com.br\/noticias\/wp-json\/wp\/v2\/posts\/18158\/revisions\/18160"}],"wp:featuredmedia":[{"embeddable":true,"href":"https:\/\/blogdorogeriogomes.com.br\/noticias\/wp-json\/wp\/v2\/media\/18159"}],"wp:attachment":[{"href":"https:\/\/blogdorogeriogomes.com.br\/noticias\/wp-json\/wp\/v2\/media?parent=18158"}],"wp:term":[{"taxonomy":"category","embeddable":true,"href":"https:\/\/blogdorogeriogomes.com.br\/noticias\/wp-json\/wp\/v2\/categories?post=18158"},{"taxonomy":"post_tag","embeddable":true,"href":"https:\/\/blogdorogeriogomes.com.br\/noticias\/wp-json\/wp\/v2\/tags?post=18158"}],"curies":[{"name":"wp","href":"https:\/\/api.w.org\/{rel}","templated":true}]}}