{"id":18161,"date":"2020-09-03T09:00:52","date_gmt":"2020-09-03T09:00:52","guid":{"rendered":"https:\/\/blogdorogeriogomes.com.br\/?p=18161"},"modified":"2020-09-03T14:34:34","modified_gmt":"2020-09-03T14:34:34","slug":"tse-define-teto-de-gastos-para-candidatos-nas-eleicoes-municipais-de-novembro","status":"publish","type":"post","link":"https:\/\/blogdorogeriogomes.com.br\/noticias\/2020\/09\/tse-define-teto-de-gastos-para-candidatos-nas-eleicoes-municipais-de-novembro\/","title":{"rendered":"TSE define teto de gastos para candidatos nas elei\u00e7\u00f5es municipais de novembro"},"content":{"rendered":"\n<p>O Tribunal Superior Eleitoral (TSE) divulgou o teto dos valores que cada candidatura para prefeito e vereador, na elei\u00e7\u00e3o deste ano, poder\u00e1 gastar durante a campanha. Em Fortaleza, o teto para a campanha para prefeito pode chegar a R$ 19 milh\u00f5es, incluindo os dois turnos. S\u00e3o at\u00e9 R$ 14.135.674,35 no 1\u00b0 turno, e R$ 5.654.269,74 no 2\u00b0 turno. Para este ano de 2020, os candidatos \u00e0 C\u00e2mara Municipal poder\u00e3o gastar, individualmente, at\u00e9 R$ 524.050,70.<\/p>\n\n\n\n<p>Segundo o TSE, o limite de gastos abrange a contrata\u00e7\u00e3o de pessoal de forma direta ou indireta; confec\u00e7\u00e3o de material; propaganda e publicidade; aluguel de locais para atos de campanha e despesas com transporte e deslocamento do candidato e de pessoal a servi\u00e7o das candidaturas.<\/p>\n\n\n\n<p>A Justi\u00e7a Eleitoral exige que todos os gastos sejam comprovados para evitar irregularidades que desequilibram o processo eleitoral.<\/p>\n\n\n\n<figure class=\"wp-block-image size-large\"><img loading=\"lazy\" decoding=\"async\" width=\"543\" height=\"263\" src=\"https:\/\/blogdorogeriogomes.com.br\/wp-content\/uploads\/2020\/09\/images-3.jpeg\" alt=\"\" class=\"wp-image-18162\" srcset=\"https:\/\/blogdorogeriogomes.com.br\/noticias\/wp-content\/uploads\/2020\/09\/images-3.jpeg 543w, https:\/\/blogdorogeriogomes.com.br\/noticias\/wp-content\/uploads\/2020\/09\/images-3-300x145.jpeg 300w\" sizes=\"auto, (max-width: 543px) 100vw, 543px\" \/><\/figure>\n","protected":false},"excerpt":{"rendered":"<p>O Tribunal Superior Eleitoral (TSE) divulgou o teto dos valores que cada candidatura para prefeito e vereador, na elei\u00e7\u00e3o deste ano, poder\u00e1 gastar durante a campanha. Em Fortaleza, o teto para a campanha para prefeito pode chegar a R$ 19 milh\u00f5es, incluindo os dois turnos. S\u00e3o at\u00e9 R$ 14.135.674,35 no 1\u00b0 turno, e R$ 5.654.269,74 no 2\u00b0 turno. Para este ano de 2020, os candidatos \u00e0 C\u00e2mara Municipal poder\u00e3o gastar, individualmente, at\u00e9 R$ 524.050,70. Segundo o TSE, o limite&hellip;<\/p>\n","protected":false},"author":1,"featured_media":18162,"comment_status":"open","ping_status":"open","sticky":false,"template":"","format":"standard","meta":{"footnotes":""},"categories":[1],"tags":[],"class_list":["post-18161","post","type-post","status-publish","format-standard","has-post-thumbnail","hentry","category-noticias"],"_links":{"self":[{"href":"https:\/\/blogdorogeriogomes.com.br\/noticias\/wp-json\/wp\/v2\/posts\/18161","targetHints":{"allow":["GET"]}}],"collection":[{"href":"https:\/\/blogdorogeriogomes.com.br\/noticias\/wp-json\/wp\/v2\/posts"}],"about":[{"href":"https:\/\/blogdorogeriogomes.com.br\/noticias\/wp-json\/wp\/v2\/types\/post"}],"author":[{"embeddable":true,"href":"https:\/\/blogdorogeriogomes.com.br\/noticias\/wp-json\/wp\/v2\/users\/1"}],"replies":[{"embeddable":true,"href":"https:\/\/blogdorogeriogomes.com.br\/noticias\/wp-json\/wp\/v2\/comments?post=18161"}],"version-history":[{"count":1,"href":"https:\/\/blogdorogeriogomes.com.br\/noticias\/wp-json\/wp\/v2\/posts\/18161\/revisions"}],"predecessor-version":[{"id":18163,"href":"https:\/\/blogdorogeriogomes.com.br\/noticias\/wp-json\/wp\/v2\/posts\/18161\/revisions\/18163"}],"wp:featuredmedia":[{"embeddable":true,"href":"https:\/\/blogdorogeriogomes.com.br\/noticias\/wp-json\/wp\/v2\/media\/18162"}],"wp:attachment":[{"href":"https:\/\/blogdorogeriogomes.com.br\/noticias\/wp-json\/wp\/v2\/media?parent=18161"}],"wp:term":[{"taxonomy":"category","embeddable":true,"href":"https:\/\/blogdorogeriogomes.com.br\/noticias\/wp-json\/wp\/v2\/categories?post=18161"},{"taxonomy":"post_tag","embeddable":true,"href":"https:\/\/blogdorogeriogomes.com.br\/noticias\/wp-json\/wp\/v2\/tags?post=18161"}],"curies":[{"name":"wp","href":"https:\/\/api.w.org\/{rel}","templated":true}]}}