{"id":18169,"date":"2020-09-03T19:58:50","date_gmt":"2020-09-03T19:58:50","guid":{"rendered":"https:\/\/blogdorogeriogomes.com.br\/?p=18169"},"modified":"2020-09-04T13:43:20","modified_gmt":"2020-09-04T13:43:20","slug":"camilo-santana-anuncia-mudanca-no-comando-da-sspds-sai-andre-costa-entra-sandro-caron","status":"publish","type":"post","link":"https:\/\/blogdorogeriogomes.com.br\/noticias\/2020\/09\/camilo-santana-anuncia-mudanca-no-comando-da-sspds-sai-andre-costa-entra-sandro-caron\/","title":{"rendered":"Camilo Santana anuncia mudan\u00e7a no comando da SSPDS. Sai Andr\u00e9 Costa, entra Sandro Caron"},"content":{"rendered":"\n<p>O governador Camilo Santana anunciou no in\u00edcio da tarde desta quinta-feira, dia 3 de setembro, a mudan\u00e7a no comando da Secretaria de Seguran\u00e7a P\u00fablica e Defesa Social (SSPDS). Sai o agora ex-secretario Andr\u00e9 Costa e entra o novo Sandro Caron. A exemplo de Andr\u00e9, Caron vem dos quadros da Pol\u00edcia Federal. Segundo a SSPDS, a sa\u00edda de Andr\u00e9 Costa \u00e9 por raz\u00f5es de car\u00e1ter pessoal.<\/p>\n\n\n\n<p>O novo secret\u00e1rio Sandro Caron, que assume o comando da seguran\u00e7a p\u00fablica no Cear\u00e1 na pr\u00f3xima semana, j\u00e1 foi superintendente da PF no Cear\u00e1 e no Rio Grande do Sul, al\u00e9m de ter comandado a Divis\u00e3o Nacional de Intelig\u00eancia Policial (DIP) do Departamento de Pol\u00edcia Federal, do Minist\u00e9rio da Justi\u00e7a, e ter sido adido da PF na Embaixada do Brasil, em Lisboa (Portugal).<\/p>\n\n\n\n<figure class=\"wp-block-image size-large\"><img loading=\"lazy\" decoding=\"async\" width=\"739\" height=\"415\" src=\"https:\/\/blogdorogeriogomes.com.br\/wp-content\/uploads\/2020\/09\/images-4.jpeg\" alt=\"\" class=\"wp-image-18170\" srcset=\"https:\/\/blogdorogeriogomes.com.br\/noticias\/wp-content\/uploads\/2020\/09\/images-4.jpeg 739w, https:\/\/blogdorogeriogomes.com.br\/noticias\/wp-content\/uploads\/2020\/09\/images-4-300x168.jpeg 300w\" sizes=\"auto, (max-width: 739px) 100vw, 739px\" \/><\/figure>\n\n\n\n<p><\/p>\n\n\n\n<p><\/p>\n\n\n\n<h1 class=\"wp-block-heading\"><\/h1>\n","protected":false},"excerpt":{"rendered":"<p>O governador Camilo Santana anunciou no in\u00edcio da tarde desta quinta-feira, dia 3 de setembro, a mudan\u00e7a no comando da Secretaria de Seguran\u00e7a P\u00fablica e Defesa Social (SSPDS). Sai o agora ex-secretario Andr\u00e9 Costa e entra o novo Sandro Caron. A exemplo de Andr\u00e9, Caron vem dos quadros da Pol\u00edcia Federal. Segundo a SSPDS, a sa\u00edda de Andr\u00e9 Costa \u00e9 por raz\u00f5es de car\u00e1ter pessoal. O novo secret\u00e1rio Sandro Caron, que assume o comando da seguran\u00e7a p\u00fablica no Cear\u00e1&hellip;<\/p>\n","protected":false},"author":1,"featured_media":18170,"comment_status":"open","ping_status":"open","sticky":false,"template":"","format":"standard","meta":{"footnotes":""},"categories":[1],"tags":[],"class_list":["post-18169","post","type-post","status-publish","format-standard","has-post-thumbnail","hentry","category-noticias"],"_links":{"self":[{"href":"https:\/\/blogdorogeriogomes.com.br\/noticias\/wp-json\/wp\/v2\/posts\/18169","targetHints":{"allow":["GET"]}}],"collection":[{"href":"https:\/\/blogdorogeriogomes.com.br\/noticias\/wp-json\/wp\/v2\/posts"}],"about":[{"href":"https:\/\/blogdorogeriogomes.com.br\/noticias\/wp-json\/wp\/v2\/types\/post"}],"author":[{"embeddable":true,"href":"https:\/\/blogdorogeriogomes.com.br\/noticias\/wp-json\/wp\/v2\/users\/1"}],"replies":[{"embeddable":true,"href":"https:\/\/blogdorogeriogomes.com.br\/noticias\/wp-json\/wp\/v2\/comments?post=18169"}],"version-history":[{"count":1,"href":"https:\/\/blogdorogeriogomes.com.br\/noticias\/wp-json\/wp\/v2\/posts\/18169\/revisions"}],"predecessor-version":[{"id":18171,"href":"https:\/\/blogdorogeriogomes.com.br\/noticias\/wp-json\/wp\/v2\/posts\/18169\/revisions\/18171"}],"wp:featuredmedia":[{"embeddable":true,"href":"https:\/\/blogdorogeriogomes.com.br\/noticias\/wp-json\/wp\/v2\/media\/18170"}],"wp:attachment":[{"href":"https:\/\/blogdorogeriogomes.com.br\/noticias\/wp-json\/wp\/v2\/media?parent=18169"}],"wp:term":[{"taxonomy":"category","embeddable":true,"href":"https:\/\/blogdorogeriogomes.com.br\/noticias\/wp-json\/wp\/v2\/categories?post=18169"},{"taxonomy":"post_tag","embeddable":true,"href":"https:\/\/blogdorogeriogomes.com.br\/noticias\/wp-json\/wp\/v2\/tags?post=18169"}],"curies":[{"name":"wp","href":"https:\/\/api.w.org\/{rel}","templated":true}]}}