{"id":18175,"date":"2020-09-04T09:29:42","date_gmt":"2020-09-04T09:29:42","guid":{"rendered":"https:\/\/blogdorogeriogomes.com.br\/?p=18175"},"modified":"2020-09-04T13:43:00","modified_gmt":"2020-09-04T13:43:00","slug":"governo-federal-entrega-proposta-de-reforma-administrativa-mas-poupa-militares-juizes-promotores-e-parlamentares","status":"publish","type":"post","link":"https:\/\/blogdorogeriogomes.com.br\/noticias\/2020\/09\/governo-federal-entrega-proposta-de-reforma-administrativa-mas-poupa-militares-juizes-promotores-e-parlamentares\/","title":{"rendered":"Governo Federal entrega proposta de reforma administrativa, mas poupa militares, ju\u00edzes, promotores e parlamentares"},"content":{"rendered":"\n<p>O Governo Bolsonaro apresentou nesta quinta-feira, dia 3 de setembro, sua Proposta de Emenda \u00e0 Constitui\u00e7\u00e3o (PEC) da reforma administrativa que restringe a prerrogativa de estabilidade no emprego para os servidores p\u00fablicos e acaba com uma s\u00e9rie de benef\u00edcios, como f\u00e9rias de mais de 30 dias e aposentadoria compuls\u00f3ria como puni\u00e7\u00e3o, mas as mudan\u00e7as valer\u00e3o apenas para novos funcion\u00e1rios. A tramita\u00e7\u00e3o da proposta de reforma administrativa promete ser longa e pode se arrastar at\u00e9 o fim de 2021, segundo alguns l\u00edderes partid\u00e1rios.<\/p>\n\n\n\n<p>A PEC tamb\u00e9m poupou categorias que s\u00e3o usualmente contempladas com esses condi\u00e7\u00f5es. Isso porque o texto valer\u00e1 para os servidores p\u00fablicos dos tr\u00eas Poderes -Executivo, Legislativo e Judici\u00e1rio &#8211; na Uni\u00e3o, Estados e munic\u00edpios, mas deixar\u00e1 de fora parlamentares, magistrados e militares.<\/p>\n\n\n\n<p>T\u00e9cnicos da equipe econ\u00f4mica justificaram que militares n\u00e3o s\u00e3o considerados servidores p\u00fablicos. J\u00e1 deputados, senadores, ju\u00edzes, desembargadores, ministros dos tribunais superiores, procuradores e promotores s\u00e3o tidos como membros dos seus respectivos Poderes, e n\u00e3o seus servidores.<\/p>\n\n\n\n<p>Ao dividir as carreiras de governo em tr\u00eas grupos com regras diferentes de estabilidade, o Governo sugere a extin\u00e7\u00e3o de licen\u00e7as e gratifica\u00e7\u00f5es e facilita a demiss\u00e3o de servidores durante o per\u00edodo de experi\u00eancia. Os sal\u00e1rios iniciais dos servidores tamb\u00e9m ser\u00e3o reduzidos. Nos planos, est\u00e1 a redu\u00e7\u00e3o do sal\u00e1rio de entrada no servi\u00e7o p\u00fablico.<\/p>\n\n\n\n<figure class=\"wp-block-image size-large\"><img loading=\"lazy\" decoding=\"async\" width=\"679\" height=\"452\" src=\"https:\/\/blogdorogeriogomes.com.br\/wp-content\/uploads\/2020\/09\/images-5.jpeg\" alt=\"\" class=\"wp-image-18176\" srcset=\"https:\/\/blogdorogeriogomes.com.br\/noticias\/wp-content\/uploads\/2020\/09\/images-5.jpeg 679w, https:\/\/blogdorogeriogomes.com.br\/noticias\/wp-content\/uploads\/2020\/09\/images-5-300x200.jpeg 300w\" sizes=\"auto, (max-width: 679px) 100vw, 679px\" \/><\/figure>\n","protected":false},"excerpt":{"rendered":"<p>O Governo Bolsonaro apresentou nesta quinta-feira, dia 3 de setembro, sua Proposta de Emenda \u00e0 Constitui\u00e7\u00e3o (PEC) da reforma administrativa que restringe a prerrogativa de estabilidade no emprego para os servidores p\u00fablicos e acaba com uma s\u00e9rie de benef\u00edcios, como f\u00e9rias de mais de 30 dias e aposentadoria compuls\u00f3ria como puni\u00e7\u00e3o, mas as mudan\u00e7as valer\u00e3o apenas para novos funcion\u00e1rios. A tramita\u00e7\u00e3o da proposta de reforma administrativa promete ser longa e pode se arrastar at\u00e9 o fim de 2021, segundo&hellip;<\/p>\n","protected":false},"author":1,"featured_media":18176,"comment_status":"open","ping_status":"open","sticky":false,"template":"","format":"standard","meta":{"footnotes":""},"categories":[1],"tags":[],"class_list":["post-18175","post","type-post","status-publish","format-standard","has-post-thumbnail","hentry","category-noticias"],"_links":{"self":[{"href":"https:\/\/blogdorogeriogomes.com.br\/noticias\/wp-json\/wp\/v2\/posts\/18175","targetHints":{"allow":["GET"]}}],"collection":[{"href":"https:\/\/blogdorogeriogomes.com.br\/noticias\/wp-json\/wp\/v2\/posts"}],"about":[{"href":"https:\/\/blogdorogeriogomes.com.br\/noticias\/wp-json\/wp\/v2\/types\/post"}],"author":[{"embeddable":true,"href":"https:\/\/blogdorogeriogomes.com.br\/noticias\/wp-json\/wp\/v2\/users\/1"}],"replies":[{"embeddable":true,"href":"https:\/\/blogdorogeriogomes.com.br\/noticias\/wp-json\/wp\/v2\/comments?post=18175"}],"version-history":[{"count":1,"href":"https:\/\/blogdorogeriogomes.com.br\/noticias\/wp-json\/wp\/v2\/posts\/18175\/revisions"}],"predecessor-version":[{"id":18177,"href":"https:\/\/blogdorogeriogomes.com.br\/noticias\/wp-json\/wp\/v2\/posts\/18175\/revisions\/18177"}],"wp:featuredmedia":[{"embeddable":true,"href":"https:\/\/blogdorogeriogomes.com.br\/noticias\/wp-json\/wp\/v2\/media\/18176"}],"wp:attachment":[{"href":"https:\/\/blogdorogeriogomes.com.br\/noticias\/wp-json\/wp\/v2\/media?parent=18175"}],"wp:term":[{"taxonomy":"category","embeddable":true,"href":"https:\/\/blogdorogeriogomes.com.br\/noticias\/wp-json\/wp\/v2\/categories?post=18175"},{"taxonomy":"post_tag","embeddable":true,"href":"https:\/\/blogdorogeriogomes.com.br\/noticias\/wp-json\/wp\/v2\/tags?post=18175"}],"curies":[{"name":"wp","href":"https:\/\/api.w.org\/{rel}","templated":true}]}}