{"id":18178,"date":"2020-09-04T09:50:10","date_gmt":"2020-09-04T09:50:10","guid":{"rendered":"https:\/\/blogdorogeriogomes.com.br\/?p=18178"},"modified":"2020-09-04T13:42:51","modified_gmt":"2020-09-04T13:42:51","slug":"rodrigo-maia-aponta-desmonte-ambiental-do-governo-federal-e-alerta-para-impacto-suicida","status":"publish","type":"post","link":"https:\/\/blogdorogeriogomes.com.br\/noticias\/2020\/09\/rodrigo-maia-aponta-desmonte-ambiental-do-governo-federal-e-alerta-para-impacto-suicida\/","title":{"rendered":"Rodrigo Maia aponta desmonte ambiental do Governo Federal e alerta para &#8220;impacto suicida&#8221;"},"content":{"rendered":"\n<p>O presidente da C\u00e2mara dos Deputados, Rodrigo Maia, afirmou nesta quinta-feira, dia 3 de setembro, durante uma videoconfer\u00eancia promovida pelo jornal O Estado de S. Paulo, que o governo do presidente Jair Bolsonaro tem promovido um desmonte na \u00e1rea ambiental e destacou que uma agenda contr\u00e1ria \u00e0 preserva\u00e7\u00e3o tem um \u201cimpacto suicida\u201d na economia e no desenvolvimento do pa\u00eds.<\/p>\n\n\n\n<p>\u201cInfelizmente o presidente Bolsonaro, n\u00e3o \u00e9 uma cr\u00edtica, \u00e9 uma constata\u00e7\u00e3o, ele ganha a elei\u00e7\u00e3o com uma outra narrativa, com um outro discurso, e vai ao longo do ano de 2019 no Minist\u00e9rio do Meio Ambiente desorganizando ou desmontando tudo aquilo que foi constru\u00eddo ao longo de muitos anos, desde a d\u00e9cada de 90\u201d, disse Rodrigo Maia.<\/p>\n\n\n\n<p>Para o presidente da C\u00e2mara, a atua\u00e7\u00e3o do governo certamente teve um impacto \u201cmuito grande\u201d na imagem do pa\u00eds no mundo e, mais do que isso, desde o final do ano gerou reflexos nas condi\u00e7\u00f5es de investimento.<\/p>\n\n\n\n<p>Maia lembrou que a agenda ambiental tem sido tratada como uma pr\u00e9-condi\u00e7\u00e3o para investidores estrangeiros atuarem no Brasil. Segundo ele, o capital de investidores, especialmente da Europa, est\u00e3o saindo do Brasil em raz\u00e3o da pol\u00edtica governamental para o meio ambiente.<\/p>\n\n\n\n<figure class=\"wp-block-image size-large\"><img loading=\"lazy\" decoding=\"async\" width=\"679\" height=\"452\" src=\"https:\/\/blogdorogeriogomes.com.br\/wp-content\/uploads\/2020\/09\/images-6.jpeg\" alt=\"\" class=\"wp-image-18179\" srcset=\"https:\/\/blogdorogeriogomes.com.br\/noticias\/wp-content\/uploads\/2020\/09\/images-6.jpeg 679w, https:\/\/blogdorogeriogomes.com.br\/noticias\/wp-content\/uploads\/2020\/09\/images-6-300x200.jpeg 300w\" sizes=\"auto, (max-width: 679px) 100vw, 679px\" \/><\/figure>\n","protected":false},"excerpt":{"rendered":"<p>O presidente da C\u00e2mara dos Deputados, Rodrigo Maia, afirmou nesta quinta-feira, dia 3 de setembro, durante uma videoconfer\u00eancia promovida pelo jornal O Estado de S. Paulo, que o governo do presidente Jair Bolsonaro tem promovido um desmonte na \u00e1rea ambiental e destacou que uma agenda contr\u00e1ria \u00e0 preserva\u00e7\u00e3o tem um \u201cimpacto suicida\u201d na economia e no desenvolvimento do pa\u00eds. \u201cInfelizmente o presidente Bolsonaro, n\u00e3o \u00e9 uma cr\u00edtica, \u00e9 uma constata\u00e7\u00e3o, ele ganha a elei\u00e7\u00e3o com uma outra narrativa, com&hellip;<\/p>\n","protected":false},"author":1,"featured_media":18179,"comment_status":"open","ping_status":"open","sticky":false,"template":"","format":"standard","meta":{"footnotes":""},"categories":[1],"tags":[],"class_list":["post-18178","post","type-post","status-publish","format-standard","has-post-thumbnail","hentry","category-noticias"],"_links":{"self":[{"href":"https:\/\/blogdorogeriogomes.com.br\/noticias\/wp-json\/wp\/v2\/posts\/18178","targetHints":{"allow":["GET"]}}],"collection":[{"href":"https:\/\/blogdorogeriogomes.com.br\/noticias\/wp-json\/wp\/v2\/posts"}],"about":[{"href":"https:\/\/blogdorogeriogomes.com.br\/noticias\/wp-json\/wp\/v2\/types\/post"}],"author":[{"embeddable":true,"href":"https:\/\/blogdorogeriogomes.com.br\/noticias\/wp-json\/wp\/v2\/users\/1"}],"replies":[{"embeddable":true,"href":"https:\/\/blogdorogeriogomes.com.br\/noticias\/wp-json\/wp\/v2\/comments?post=18178"}],"version-history":[{"count":1,"href":"https:\/\/blogdorogeriogomes.com.br\/noticias\/wp-json\/wp\/v2\/posts\/18178\/revisions"}],"predecessor-version":[{"id":18180,"href":"https:\/\/blogdorogeriogomes.com.br\/noticias\/wp-json\/wp\/v2\/posts\/18178\/revisions\/18180"}],"wp:featuredmedia":[{"embeddable":true,"href":"https:\/\/blogdorogeriogomes.com.br\/noticias\/wp-json\/wp\/v2\/media\/18179"}],"wp:attachment":[{"href":"https:\/\/blogdorogeriogomes.com.br\/noticias\/wp-json\/wp\/v2\/media?parent=18178"}],"wp:term":[{"taxonomy":"category","embeddable":true,"href":"https:\/\/blogdorogeriogomes.com.br\/noticias\/wp-json\/wp\/v2\/categories?post=18178"},{"taxonomy":"post_tag","embeddable":true,"href":"https:\/\/blogdorogeriogomes.com.br\/noticias\/wp-json\/wp\/v2\/tags?post=18178"}],"curies":[{"name":"wp","href":"https:\/\/api.w.org\/{rel}","templated":true}]}}