{"id":18184,"date":"2020-09-04T17:46:02","date_gmt":"2020-09-04T17:46:02","guid":{"rendered":"https:\/\/blogdorogeriogomes.com.br\/?p=18184"},"modified":"2020-09-07T22:52:59","modified_gmt":"2020-09-07T22:52:59","slug":"lula-faz-afago-a-ciro-gomes-e-cobra-que-deve-haver-respeito-entre-os-dois-lideres-de-oposicao","status":"publish","type":"post","link":"https:\/\/blogdorogeriogomes.com.br\/noticias\/2020\/09\/lula-faz-afago-a-ciro-gomes-e-cobra-que-deve-haver-respeito-entre-os-dois-lideres-de-oposicao\/","title":{"rendered":"Lula faz &#8220;afago&#8221; a Ciro Gomes e cobra que deve haver respeito entre os dois l\u00edderes de oposi\u00e7\u00e3o"},"content":{"rendered":"\n<p>O ex-presidente Lula fez um &#8220;afago&#8221; ao ex-candidato \u00e0 presid\u00eancia pelo PDT, Ciro Gomes, nas redes sociais na tarde desta sexta-feira, dia 4 de setembro, e afirmou que o pedetista est\u00e1 qualificado para disputar as elei\u00e7\u00f5es de 2022, assim como, o governador do Maranh\u00e3o, Fl\u00e1vio Dino (PCdoB). \u201cAs pessoas pensam que eu tenho diverg\u00eancias profundas com o Ciro Gomes. A gente tem mais diverg\u00eancia pelo jeito de se comportar. Eu sempre disse publicamente que eu tenho respeito pelo Ciro, ele sempre foi muito leal ao meu governo, apesar das diverg\u00eancias pontuais que temos, e temos que aprender a conviver com elas. O Ciro n\u00e3o precisa gostar de mim e eu n\u00e3o preciso gostar dele, n\u00f3s temos que nos respeitar\u201d, ressaltou Lula. A declara\u00e7\u00e3o foi dada \u00e0 Revista F\u00f3rum.<\/p>\n\n\n\n<p>O ex-ministro Ciro Gomes tem sido um cr\u00edtico a alguns posicionamentos de Lula e tamb\u00e9m a setores do PT. No Cear\u00e1, o pedetista mant\u00e9m alian\u00e7a e proximidade com o petista Camilo Santana, governador do Estado. Para a sucess\u00e3o presidencial de 2022, Lula tem dito que espera que um nome forte surja da esquerda. &nbsp;\u201cEu gostaria de trabalhar como cabo eleitoral de outro companheiro\u201d. Que tamb\u00e9m pode ser do PT. <\/p>\n\n\n\n<figure class=\"wp-block-image size-large\"><img loading=\"lazy\" decoding=\"async\" width=\"722\" height=\"425\" src=\"https:\/\/blogdorogeriogomes.com.br\/wp-content\/uploads\/2020\/09\/images-7.jpeg\" alt=\"\" class=\"wp-image-18185\" srcset=\"https:\/\/blogdorogeriogomes.com.br\/noticias\/wp-content\/uploads\/2020\/09\/images-7.jpeg 722w, https:\/\/blogdorogeriogomes.com.br\/noticias\/wp-content\/uploads\/2020\/09\/images-7-300x177.jpeg 300w\" sizes=\"auto, (max-width: 722px) 100vw, 722px\" \/><\/figure>\n\n\n\n<p><\/p>\n","protected":false},"excerpt":{"rendered":"<p>O ex-presidente Lula fez um &#8220;afago&#8221; ao ex-candidato \u00e0 presid\u00eancia pelo PDT, Ciro Gomes, nas redes sociais na tarde desta sexta-feira, dia 4 de setembro, e afirmou que o pedetista est\u00e1 qualificado para disputar as elei\u00e7\u00f5es de 2022, assim como, o governador do Maranh\u00e3o, Fl\u00e1vio Dino (PCdoB). \u201cAs pessoas pensam que eu tenho diverg\u00eancias profundas com o Ciro Gomes. A gente tem mais diverg\u00eancia pelo jeito de se comportar. Eu sempre disse publicamente que eu tenho respeito pelo Ciro,&hellip;<\/p>\n","protected":false},"author":1,"featured_media":18185,"comment_status":"open","ping_status":"open","sticky":false,"template":"","format":"standard","meta":{"footnotes":""},"categories":[1],"tags":[],"class_list":["post-18184","post","type-post","status-publish","format-standard","has-post-thumbnail","hentry","category-noticias"],"_links":{"self":[{"href":"https:\/\/blogdorogeriogomes.com.br\/noticias\/wp-json\/wp\/v2\/posts\/18184","targetHints":{"allow":["GET"]}}],"collection":[{"href":"https:\/\/blogdorogeriogomes.com.br\/noticias\/wp-json\/wp\/v2\/posts"}],"about":[{"href":"https:\/\/blogdorogeriogomes.com.br\/noticias\/wp-json\/wp\/v2\/types\/post"}],"author":[{"embeddable":true,"href":"https:\/\/blogdorogeriogomes.com.br\/noticias\/wp-json\/wp\/v2\/users\/1"}],"replies":[{"embeddable":true,"href":"https:\/\/blogdorogeriogomes.com.br\/noticias\/wp-json\/wp\/v2\/comments?post=18184"}],"version-history":[{"count":2,"href":"https:\/\/blogdorogeriogomes.com.br\/noticias\/wp-json\/wp\/v2\/posts\/18184\/revisions"}],"predecessor-version":[{"id":18196,"href":"https:\/\/blogdorogeriogomes.com.br\/noticias\/wp-json\/wp\/v2\/posts\/18184\/revisions\/18196"}],"wp:featuredmedia":[{"embeddable":true,"href":"https:\/\/blogdorogeriogomes.com.br\/noticias\/wp-json\/wp\/v2\/media\/18185"}],"wp:attachment":[{"href":"https:\/\/blogdorogeriogomes.com.br\/noticias\/wp-json\/wp\/v2\/media?parent=18184"}],"wp:term":[{"taxonomy":"category","embeddable":true,"href":"https:\/\/blogdorogeriogomes.com.br\/noticias\/wp-json\/wp\/v2\/categories?post=18184"},{"taxonomy":"post_tag","embeddable":true,"href":"https:\/\/blogdorogeriogomes.com.br\/noticias\/wp-json\/wp\/v2\/tags?post=18184"}],"curies":[{"name":"wp","href":"https:\/\/api.w.org\/{rel}","templated":true}]}}