{"id":18187,"date":"2020-09-04T21:02:40","date_gmt":"2020-09-04T21:02:40","guid":{"rendered":"https:\/\/blogdorogeriogomes.com.br\/?p=18187"},"modified":"2020-09-07T22:52:30","modified_gmt":"2020-09-07T22:52:30","slug":"camilo-santana-libera-volta-das-apresentacoes-presenciais-de-musicos-e-humoristas-a-partir-de-segunda-feira","status":"publish","type":"post","link":"https:\/\/blogdorogeriogomes.com.br\/noticias\/2020\/09\/camilo-santana-libera-volta-das-apresentacoes-presenciais-de-musicos-e-humoristas-a-partir-de-segunda-feira\/","title":{"rendered":"Camilo Santana libera volta das apresenta\u00e7\u00f5es presenciais de m\u00fasicos e humoristas a partir de segunda-feira"},"content":{"rendered":"\n<p>Em reuni\u00e3o do Comit\u00ea de Enfrentamento \u00e0 Covid-19, nesta sexta-feira, dia 4 de setembro, o governador do Cear\u00e1, Camilo Santana confirmou o retorno das apresenta\u00e7\u00f5es presenciais dos m\u00fasicos e humoristas cearenses, a partir da pr\u00f3xima segunda-feira, dia 7, seguindo todos protocolos sanit\u00e1rios.<\/p>\n\n\n\n<p>No novo decreto de retomada econ\u00f4mica tamb\u00e9m ficou definido que as Macrorregi\u00f5es de Sobral, Sert\u00e3o Central e Litoral Leste\/Jaguaribe entram na segunda semana da Fase 4 do plano de retomada das atividades econ\u00f4micas. A Macrorregi\u00e3o do Cariri entra na segunda semana da Fase 3.<\/p>\n\n\n\n<figure class=\"wp-block-image size-large\"><img loading=\"lazy\" decoding=\"async\" width=\"640\" height=\"480\" src=\"https:\/\/blogdorogeriogomes.com.br\/wp-content\/uploads\/2020\/09\/images-8.jpeg\" alt=\"\" class=\"wp-image-18188\" srcset=\"https:\/\/blogdorogeriogomes.com.br\/noticias\/wp-content\/uploads\/2020\/09\/images-8.jpeg 640w, https:\/\/blogdorogeriogomes.com.br\/noticias\/wp-content\/uploads\/2020\/09\/images-8-300x225.jpeg 300w, https:\/\/blogdorogeriogomes.com.br\/noticias\/wp-content\/uploads\/2020\/09\/images-8-400x300.jpeg 400w\" sizes=\"auto, (max-width: 640px) 100vw, 640px\" \/><\/figure>\n\n\n\n<p><\/p>\n","protected":false},"excerpt":{"rendered":"<p>Em reuni\u00e3o do Comit\u00ea de Enfrentamento \u00e0 Covid-19, nesta sexta-feira, dia 4 de setembro, o governador do Cear\u00e1, Camilo Santana confirmou o retorno das apresenta\u00e7\u00f5es presenciais dos m\u00fasicos e humoristas cearenses, a partir da pr\u00f3xima segunda-feira, dia 7, seguindo todos protocolos sanit\u00e1rios. No novo decreto de retomada econ\u00f4mica tamb\u00e9m ficou definido que as Macrorregi\u00f5es de Sobral, Sert\u00e3o Central e Litoral Leste\/Jaguaribe entram na segunda semana da Fase 4 do plano de retomada das atividades econ\u00f4micas. A Macrorregi\u00e3o do Cariri&hellip;<\/p>\n","protected":false},"author":1,"featured_media":18188,"comment_status":"open","ping_status":"open","sticky":false,"template":"","format":"standard","meta":{"footnotes":""},"categories":[1],"tags":[],"class_list":["post-18187","post","type-post","status-publish","format-standard","has-post-thumbnail","hentry","category-noticias"],"_links":{"self":[{"href":"https:\/\/blogdorogeriogomes.com.br\/noticias\/wp-json\/wp\/v2\/posts\/18187","targetHints":{"allow":["GET"]}}],"collection":[{"href":"https:\/\/blogdorogeriogomes.com.br\/noticias\/wp-json\/wp\/v2\/posts"}],"about":[{"href":"https:\/\/blogdorogeriogomes.com.br\/noticias\/wp-json\/wp\/v2\/types\/post"}],"author":[{"embeddable":true,"href":"https:\/\/blogdorogeriogomes.com.br\/noticias\/wp-json\/wp\/v2\/users\/1"}],"replies":[{"embeddable":true,"href":"https:\/\/blogdorogeriogomes.com.br\/noticias\/wp-json\/wp\/v2\/comments?post=18187"}],"version-history":[{"count":1,"href":"https:\/\/blogdorogeriogomes.com.br\/noticias\/wp-json\/wp\/v2\/posts\/18187\/revisions"}],"predecessor-version":[{"id":18189,"href":"https:\/\/blogdorogeriogomes.com.br\/noticias\/wp-json\/wp\/v2\/posts\/18187\/revisions\/18189"}],"wp:featuredmedia":[{"embeddable":true,"href":"https:\/\/blogdorogeriogomes.com.br\/noticias\/wp-json\/wp\/v2\/media\/18188"}],"wp:attachment":[{"href":"https:\/\/blogdorogeriogomes.com.br\/noticias\/wp-json\/wp\/v2\/media?parent=18187"}],"wp:term":[{"taxonomy":"category","embeddable":true,"href":"https:\/\/blogdorogeriogomes.com.br\/noticias\/wp-json\/wp\/v2\/categories?post=18187"},{"taxonomy":"post_tag","embeddable":true,"href":"https:\/\/blogdorogeriogomes.com.br\/noticias\/wp-json\/wp\/v2\/tags?post=18187"}],"curies":[{"name":"wp","href":"https:\/\/api.w.org\/{rel}","templated":true}]}}