{"id":18190,"date":"2020-09-06T11:24:59","date_gmt":"2020-09-06T11:24:59","guid":{"rendered":"https:\/\/blogdorogeriogomes.com.br\/?p=18190"},"modified":"2020-09-07T22:52:08","modified_gmt":"2020-09-07T22:52:08","slug":"semana-sera-de-convencoes-partidarias-e-muitas-articulacoes-para-definir-chapas-para-eleicoes-de-novembro","status":"publish","type":"post","link":"https:\/\/blogdorogeriogomes.com.br\/noticias\/2020\/09\/semana-sera-de-convencoes-partidarias-e-muitas-articulacoes-para-definir-chapas-para-eleicoes-de-novembro\/","title":{"rendered":"Semana ser\u00e1 de conven\u00e7\u00f5es partid\u00e1rias e muitas articula\u00e7\u00f5es para definir chapas para elei\u00e7\u00f5es de novembro"},"content":{"rendered":"\n<p>A semana ser\u00e1 de muitas conven\u00e7\u00f5es partid\u00e1rias em Fortaleza visando as elei\u00e7\u00f5es municipais de dezembro. Nesta segunda-feira, dia 7 de setembro, acontece a conven\u00e7\u00e3o do Pros para confirmar a candidatura de Capit\u00e3o Wagner \u00e0 Prefeitura de Fortaleza.<\/p>\n\n\n\n<p>Psol e o PSL alteraram a data de sua conven\u00e7\u00e3o de Fortaleza. O PSOL vai oficializar o nome do deputado estadual Renato Roseno como candidato a prefeito de Fortaleza, no pr\u00f3ximo dia 14 de setembro. A do PSL ficou para o dia 15. O deputado federal Heitor Freire dever\u00e1 ser o candidato do partido.<\/p>\n\n\n\n<p> O PDT do prefeito Roberto Cl\u00e1udio ainda n\u00e3o anunciou o nome do seu candidato e deve fazer sua conven\u00e7\u00e3o partid\u00e1ria no dia 12 de setembro. O PT, que pode lan\u00e7ar Luizianne Lins, vai fazer sua conven\u00e7\u00e3o no dia 13. O MDB marcou para o dia 15, enquanto o PV far\u00e1 sua conven\u00e7\u00e3o no dia 16 de setembro, \u00faltima data prevista no calend\u00e1rio eleitoral.<\/p>\n\n\n\n<figure class=\"wp-block-image size-large\"><img loading=\"lazy\" decoding=\"async\" width=\"430\" height=\"220\" src=\"https:\/\/blogdorogeriogomes.com.br\/wp-content\/uploads\/2020\/09\/images-9.jpeg\" alt=\"\" class=\"wp-image-18191\" srcset=\"https:\/\/blogdorogeriogomes.com.br\/noticias\/wp-content\/uploads\/2020\/09\/images-9.jpeg 430w, https:\/\/blogdorogeriogomes.com.br\/noticias\/wp-content\/uploads\/2020\/09\/images-9-300x153.jpeg 300w\" sizes=\"auto, (max-width: 430px) 100vw, 430px\" \/><\/figure>\n","protected":false},"excerpt":{"rendered":"<p>A semana ser\u00e1 de muitas conven\u00e7\u00f5es partid\u00e1rias em Fortaleza visando as elei\u00e7\u00f5es municipais de dezembro. Nesta segunda-feira, dia 7 de setembro, acontece a conven\u00e7\u00e3o do Pros para confirmar a candidatura de Capit\u00e3o Wagner \u00e0 Prefeitura de Fortaleza. Psol e o PSL alteraram a data de sua conven\u00e7\u00e3o de Fortaleza. O PSOL vai oficializar o nome do deputado estadual Renato Roseno como candidato a prefeito de Fortaleza, no pr\u00f3ximo dia 14 de setembro. A do PSL ficou para o dia&hellip;<\/p>\n","protected":false},"author":1,"featured_media":18191,"comment_status":"open","ping_status":"open","sticky":false,"template":"","format":"standard","meta":{"footnotes":""},"categories":[1],"tags":[],"class_list":["post-18190","post","type-post","status-publish","format-standard","has-post-thumbnail","hentry","category-noticias"],"_links":{"self":[{"href":"https:\/\/blogdorogeriogomes.com.br\/noticias\/wp-json\/wp\/v2\/posts\/18190","targetHints":{"allow":["GET"]}}],"collection":[{"href":"https:\/\/blogdorogeriogomes.com.br\/noticias\/wp-json\/wp\/v2\/posts"}],"about":[{"href":"https:\/\/blogdorogeriogomes.com.br\/noticias\/wp-json\/wp\/v2\/types\/post"}],"author":[{"embeddable":true,"href":"https:\/\/blogdorogeriogomes.com.br\/noticias\/wp-json\/wp\/v2\/users\/1"}],"replies":[{"embeddable":true,"href":"https:\/\/blogdorogeriogomes.com.br\/noticias\/wp-json\/wp\/v2\/comments?post=18190"}],"version-history":[{"count":1,"href":"https:\/\/blogdorogeriogomes.com.br\/noticias\/wp-json\/wp\/v2\/posts\/18190\/revisions"}],"predecessor-version":[{"id":18192,"href":"https:\/\/blogdorogeriogomes.com.br\/noticias\/wp-json\/wp\/v2\/posts\/18190\/revisions\/18192"}],"wp:featuredmedia":[{"embeddable":true,"href":"https:\/\/blogdorogeriogomes.com.br\/noticias\/wp-json\/wp\/v2\/media\/18191"}],"wp:attachment":[{"href":"https:\/\/blogdorogeriogomes.com.br\/noticias\/wp-json\/wp\/v2\/media?parent=18190"}],"wp:term":[{"taxonomy":"category","embeddable":true,"href":"https:\/\/blogdorogeriogomes.com.br\/noticias\/wp-json\/wp\/v2\/categories?post=18190"},{"taxonomy":"post_tag","embeddable":true,"href":"https:\/\/blogdorogeriogomes.com.br\/noticias\/wp-json\/wp\/v2\/tags?post=18190"}],"curies":[{"name":"wp","href":"https:\/\/api.w.org\/{rel}","templated":true}]}}