{"id":18193,"date":"2020-09-07T13:07:15","date_gmt":"2020-09-07T13:07:15","guid":{"rendered":"https:\/\/blogdorogeriogomes.com.br\/?p=18193"},"modified":"2020-09-07T22:51:55","modified_gmt":"2020-09-07T22:51:55","slug":"mudanca-de-dias-toffoli-por-luiz-fux-no-comando-do-stf-pode-representar-mais-derrotas-para-a-lava-jato","status":"publish","type":"post","link":"https:\/\/blogdorogeriogomes.com.br\/noticias\/2020\/09\/mudanca-de-dias-toffoli-por-luiz-fux-no-comando-do-stf-pode-representar-mais-derrotas-para-a-lava-jato\/","title":{"rendered":"Mudan\u00e7a de Dias Toffoli por Luiz Fux no comando do STF pode representar mais derrotas para a Lava Jato"},"content":{"rendered":"\n<p>O ministro do Supremo Tribunal Federal, Dias Toffoli, deixa o comando da Corte na pr\u00f3xima quinta-feira, dia 10 de setembro. Ele ser\u00e1 substitu\u00eddo pelo ministro Luiz Fux. No pr\u00f3prio Minist\u00e9rio P\u00fablico Federal h\u00e1 uma avalia\u00e7\u00e3o que a mudan\u00e7a pode provocar futuras derrotas \u00e0 Lava Jato. Isto porque, apesar de Luiz Fux ser um defensor das opera\u00e7\u00f5es, \u00e9 forte a possibilidade de que Toffoli assuma o assento do ministro Celso de Mello na segunda turma a partir de novembro. O colegiado \u00e9 composto por cinco ministros e julga os principais casos relacionados \u00e0 Lava Jato.<\/p>\n\n\n\n<p>Com a aposentadoria de Celso de Mello e a nova forma\u00e7\u00e3o, Dias Toffoli formaria maioria com os ministros Ricardo Lewandowski e Gilmar Mendes para dar decis\u00f5es contr\u00e1rias ao trabalho dos procuradores de primeira inst\u00e2ncia.<\/p>\n\n\n\n<p>A ida de Toffoli para a Segunda Turma seria tamb\u00e9m uma estrat\u00e9gia para preservar o ministro a ser indicado pelo presidente Jair Bolsonaro para o STF na vaga de Celso de Mello. Como a Segunda Turma \u00e9 o \u00f3rg\u00e3o natural para o julgamento de recursos do caso das \u201crachadinhas\u201d do senador Fl\u00e1vio Bolsonaro, o novo integrante do STF n\u00e3o precisaria enfrentar o constrangimento de analisar tema que afete quem o escolheu para a vaga.<\/p>\n\n\n\n<figure class=\"wp-block-image size-large\"><img loading=\"lazy\" decoding=\"async\" width=\"662\" height=\"463\" src=\"https:\/\/blogdorogeriogomes.com.br\/wp-content\/uploads\/2020\/09\/images-11.jpeg\" alt=\"\" class=\"wp-image-18194\" srcset=\"https:\/\/blogdorogeriogomes.com.br\/noticias\/wp-content\/uploads\/2020\/09\/images-11.jpeg 662w, https:\/\/blogdorogeriogomes.com.br\/noticias\/wp-content\/uploads\/2020\/09\/images-11-300x210.jpeg 300w\" sizes=\"auto, (max-width: 662px) 100vw, 662px\" \/><\/figure>\n","protected":false},"excerpt":{"rendered":"<p>O ministro do Supremo Tribunal Federal, Dias Toffoli, deixa o comando da Corte na pr\u00f3xima quinta-feira, dia 10 de setembro. Ele ser\u00e1 substitu\u00eddo pelo ministro Luiz Fux. No pr\u00f3prio Minist\u00e9rio P\u00fablico Federal h\u00e1 uma avalia\u00e7\u00e3o que a mudan\u00e7a pode provocar futuras derrotas \u00e0 Lava Jato. Isto porque, apesar de Luiz Fux ser um defensor das opera\u00e7\u00f5es, \u00e9 forte a possibilidade de que Toffoli assuma o assento do ministro Celso de Mello na segunda turma a partir de novembro. O&hellip;<\/p>\n","protected":false},"author":1,"featured_media":18194,"comment_status":"open","ping_status":"open","sticky":false,"template":"","format":"standard","meta":{"footnotes":""},"categories":[1],"tags":[],"class_list":["post-18193","post","type-post","status-publish","format-standard","has-post-thumbnail","hentry","category-noticias"],"_links":{"self":[{"href":"https:\/\/blogdorogeriogomes.com.br\/noticias\/wp-json\/wp\/v2\/posts\/18193","targetHints":{"allow":["GET"]}}],"collection":[{"href":"https:\/\/blogdorogeriogomes.com.br\/noticias\/wp-json\/wp\/v2\/posts"}],"about":[{"href":"https:\/\/blogdorogeriogomes.com.br\/noticias\/wp-json\/wp\/v2\/types\/post"}],"author":[{"embeddable":true,"href":"https:\/\/blogdorogeriogomes.com.br\/noticias\/wp-json\/wp\/v2\/users\/1"}],"replies":[{"embeddable":true,"href":"https:\/\/blogdorogeriogomes.com.br\/noticias\/wp-json\/wp\/v2\/comments?post=18193"}],"version-history":[{"count":1,"href":"https:\/\/blogdorogeriogomes.com.br\/noticias\/wp-json\/wp\/v2\/posts\/18193\/revisions"}],"predecessor-version":[{"id":18195,"href":"https:\/\/blogdorogeriogomes.com.br\/noticias\/wp-json\/wp\/v2\/posts\/18193\/revisions\/18195"}],"wp:featuredmedia":[{"embeddable":true,"href":"https:\/\/blogdorogeriogomes.com.br\/noticias\/wp-json\/wp\/v2\/media\/18194"}],"wp:attachment":[{"href":"https:\/\/blogdorogeriogomes.com.br\/noticias\/wp-json\/wp\/v2\/media?parent=18193"}],"wp:term":[{"taxonomy":"category","embeddable":true,"href":"https:\/\/blogdorogeriogomes.com.br\/noticias\/wp-json\/wp\/v2\/categories?post=18193"},{"taxonomy":"post_tag","embeddable":true,"href":"https:\/\/blogdorogeriogomes.com.br\/noticias\/wp-json\/wp\/v2\/tags?post=18193"}],"curies":[{"name":"wp","href":"https:\/\/api.w.org\/{rel}","templated":true}]}}