{"id":18198,"date":"2020-09-08T09:07:34","date_gmt":"2020-09-08T09:07:34","guid":{"rendered":"https:\/\/blogdorogeriogomes.com.br\/?p=18198"},"modified":"2020-09-10T11:51:38","modified_gmt":"2020-09-10T11:51:38","slug":"brasil-supera-4-milhoes-de-casos-e-127-mil-mortes-por-covid-19-apos-feriadao-da-independencia","status":"publish","type":"post","link":"https:\/\/blogdorogeriogomes.com.br\/noticias\/2020\/09\/brasil-supera-4-milhoes-de-casos-e-127-mil-mortes-por-covid-19-apos-feriadao-da-independencia\/","title":{"rendered":"Brasil supera 4 milh\u00f5es de casos e 127 mil mortes por Covid-19 ap\u00f3s feriad\u00e3o da Independ\u00eancia"},"content":{"rendered":"\n<p>Ap\u00f3s o feriad\u00e3o da Independ\u00eancia, o Brasil chegou nesta ter\u00e7a-feira, dia 8 de setembro, a 127.001 mortes e 4.147.598 casos confirmados de coronav\u00edrus, de acordo com o cons\u00f3rcio de ve\u00edculos de imprensa. A m\u00e9dia m\u00f3vel de mortes registrou queda de 17%, o que, pelos crit\u00e9rios do cons\u00f3rcio, coloca a situa\u00e7\u00e3o como em queda.<\/p>\n\n\n\n<p>Esta \u00e9 a segunda vez que a m\u00e9dia m\u00f3vel de mortes aparece com tend\u00eancia de queda desde 5 de junho. Pelos crit\u00e9rios do cons\u00f3rcio, varia\u00e7\u00f5es de at\u00e9 15%, para mais ou para menos, s\u00e3o considerados estabilidade.<\/p>\n\n\n\n<p>Em v\u00e1rias praias do Pa\u00eds foram registradas aglomera\u00e7\u00f5es de pessoas, muitas delas sem fazer qualquer uso de m\u00e1scara. No Cear\u00e1, os principais registros de pessoas que ignoraram a ainda presen\u00e7a da pandemia aconteceram em Jericoacoara. No Estado, h\u00e1 222.473 casos confirmados da Covid-19, com 8.567 mortes.<\/p>\n\n\n\n<figure class=\"wp-block-image size-large\"><img loading=\"lazy\" decoding=\"async\" width=\"1024\" height=\"576\" src=\"https:\/\/blogdorogeriogomes.com.br\/wp-content\/uploads\/2020\/09\/frm20200907125-1024x576.jpg\" alt=\"\" class=\"wp-image-18199\" srcset=\"https:\/\/blogdorogeriogomes.com.br\/noticias\/wp-content\/uploads\/2020\/09\/frm20200907125-1024x576.jpg 1024w, https:\/\/blogdorogeriogomes.com.br\/noticias\/wp-content\/uploads\/2020\/09\/frm20200907125-300x169.jpg 300w, https:\/\/blogdorogeriogomes.com.br\/noticias\/wp-content\/uploads\/2020\/09\/frm20200907125-768x432.jpg 768w, https:\/\/blogdorogeriogomes.com.br\/noticias\/wp-content\/uploads\/2020\/09\/frm20200907125-800x450.jpg 800w, https:\/\/blogdorogeriogomes.com.br\/noticias\/wp-content\/uploads\/2020\/09\/frm20200907125.jpg 1080w\" sizes=\"auto, (max-width: 1024px) 100vw, 1024px\" \/><\/figure>\n","protected":false},"excerpt":{"rendered":"<p>Ap\u00f3s o feriad\u00e3o da Independ\u00eancia, o Brasil chegou nesta ter\u00e7a-feira, dia 8 de setembro, a 127.001 mortes e 4.147.598 casos confirmados de coronav\u00edrus, de acordo com o cons\u00f3rcio de ve\u00edculos de imprensa. A m\u00e9dia m\u00f3vel de mortes registrou queda de 17%, o que, pelos crit\u00e9rios do cons\u00f3rcio, coloca a situa\u00e7\u00e3o como em queda. Esta \u00e9 a segunda vez que a m\u00e9dia m\u00f3vel de mortes aparece com tend\u00eancia de queda desde 5 de junho. Pelos crit\u00e9rios do cons\u00f3rcio, varia\u00e7\u00f5es de&hellip;<\/p>\n","protected":false},"author":1,"featured_media":18199,"comment_status":"open","ping_status":"open","sticky":false,"template":"","format":"standard","meta":{"footnotes":""},"categories":[1],"tags":[],"class_list":["post-18198","post","type-post","status-publish","format-standard","has-post-thumbnail","hentry","category-noticias"],"_links":{"self":[{"href":"https:\/\/blogdorogeriogomes.com.br\/noticias\/wp-json\/wp\/v2\/posts\/18198","targetHints":{"allow":["GET"]}}],"collection":[{"href":"https:\/\/blogdorogeriogomes.com.br\/noticias\/wp-json\/wp\/v2\/posts"}],"about":[{"href":"https:\/\/blogdorogeriogomes.com.br\/noticias\/wp-json\/wp\/v2\/types\/post"}],"author":[{"embeddable":true,"href":"https:\/\/blogdorogeriogomes.com.br\/noticias\/wp-json\/wp\/v2\/users\/1"}],"replies":[{"embeddable":true,"href":"https:\/\/blogdorogeriogomes.com.br\/noticias\/wp-json\/wp\/v2\/comments?post=18198"}],"version-history":[{"count":1,"href":"https:\/\/blogdorogeriogomes.com.br\/noticias\/wp-json\/wp\/v2\/posts\/18198\/revisions"}],"predecessor-version":[{"id":18200,"href":"https:\/\/blogdorogeriogomes.com.br\/noticias\/wp-json\/wp\/v2\/posts\/18198\/revisions\/18200"}],"wp:featuredmedia":[{"embeddable":true,"href":"https:\/\/blogdorogeriogomes.com.br\/noticias\/wp-json\/wp\/v2\/media\/18199"}],"wp:attachment":[{"href":"https:\/\/blogdorogeriogomes.com.br\/noticias\/wp-json\/wp\/v2\/media?parent=18198"}],"wp:term":[{"taxonomy":"category","embeddable":true,"href":"https:\/\/blogdorogeriogomes.com.br\/noticias\/wp-json\/wp\/v2\/categories?post=18198"},{"taxonomy":"post_tag","embeddable":true,"href":"https:\/\/blogdorogeriogomes.com.br\/noticias\/wp-json\/wp\/v2\/tags?post=18198"}],"curies":[{"name":"wp","href":"https:\/\/api.w.org\/{rel}","templated":true}]}}