{"id":18201,"date":"2020-09-08T09:38:08","date_gmt":"2020-09-08T09:38:08","guid":{"rendered":"https:\/\/blogdorogeriogomes.com.br\/?p=18201"},"modified":"2020-09-10T11:51:41","modified_gmt":"2020-09-10T11:51:41","slug":"bolsonaro-e-lula-fazem-discursos-no-7-de-setembro-que-revelam-o-que-ambos-pensam-de-passado-e-futuro","status":"publish","type":"post","link":"https:\/\/blogdorogeriogomes.com.br\/noticias\/2020\/09\/bolsonaro-e-lula-fazem-discursos-no-7-de-setembro-que-revelam-o-que-ambos-pensam-de-passado-e-futuro\/","title":{"rendered":"Bolsonaro e Lula fazem discursos no 7 de setembro que revelam o que ambos pensam de passado e futuro"},"content":{"rendered":"\n<p>O presidente Jair Bolsonaro e o ex-presidente Lula fizeram discursos \u00e0 Na\u00e7\u00e3o neste feriado de 7 de Setembro. De um lado, a palavra do Governo atual, que veio acompanhado de panela\u00e7os em todo o Pa\u00eds. De outro, uma fala da oposi\u00e7\u00e3o que pede mais respeito \u00e0 democracia e respeito \u00e0 popula\u00e7\u00e3o mais pobre e atingida pela pandemia do coronav\u00edrus.<\/p>\n\n\n\n<p>Bolsonaro, em seu pronunciamento, exaltou os governos militares e esqueceu completamente de falar dos efeitos desastrosos da pandemia da Covid-19 no Pa\u00eds, tanto em rela\u00e7\u00e3o \u00e0s mortes, quanto ao impacto na economia. Ele reafirmou a luta contra o &#8220;comunismo&#8221; e disse que os 21 anos de ditadura foram positivos para o Brasil. Acabou sendo alvo de batidas de panelas nas grandes cidades e de rea\u00e7\u00e3o negativa nas redes sociais.<\/p>\n\n\n\n<p>O ex-presidente Lula tamb\u00e9m resolveu se manifestar no feriado. Ele fez uma cr\u00edtica voraz ao Governo Bolsonaro ao denunciar a situa\u00e7\u00e3o dram\u00e1tica do Brasil em diversos temas, em especial na agress\u00e3o \u00e0 soberania nacional e descaso com o meio ambiente, mas tamb\u00e9m em rela\u00e7\u00e3o \u00e0s mortes, principalmente dos mais pobres, na pandemia de coronav\u00edrus. O ex-presidente Lula se colocou \u00e0 disposi\u00e7\u00e3o do povo brasileiro para reconstruir o Pa\u00eds ao praticamente lan\u00e7ar o seu nome para o pleito em 2022. Lula, no entanto, ainda depende do STF para rever suas condena\u00e7\u00f5es feitas pela Lava Jato que lhe retirou os direitos pol\u00edticos. O Supremo Tribunal Federal deve rever as condena\u00e7\u00f5es impostas pelo ex-juiz Sergio Moro. A defesa de Lula pede a suspei\u00e7\u00e3o do ex-ministro da Justi\u00e7a nos processos do triplex do Guaruj\u00e1 e do s\u00edtio em Atibaia.<\/p>\n\n\n\n<figure class=\"wp-block-image size-large\"><img loading=\"lazy\" decoding=\"async\" width=\"715\" height=\"429\" src=\"https:\/\/blogdorogeriogomes.com.br\/wp-content\/uploads\/2020\/09\/images-12.jpeg\" alt=\"\" class=\"wp-image-18202\" srcset=\"https:\/\/blogdorogeriogomes.com.br\/noticias\/wp-content\/uploads\/2020\/09\/images-12.jpeg 715w, https:\/\/blogdorogeriogomes.com.br\/noticias\/wp-content\/uploads\/2020\/09\/images-12-300x180.jpeg 300w\" sizes=\"auto, (max-width: 715px) 100vw, 715px\" \/><\/figure>\n\n\n\n<p><\/p>\n\n\n\n<p><\/p>\n","protected":false},"excerpt":{"rendered":"<p>O presidente Jair Bolsonaro e o ex-presidente Lula fizeram discursos \u00e0 Na\u00e7\u00e3o neste feriado de 7 de Setembro. De um lado, a palavra do Governo atual, que veio acompanhado de panela\u00e7os em todo o Pa\u00eds. De outro, uma fala da oposi\u00e7\u00e3o que pede mais respeito \u00e0 democracia e respeito \u00e0 popula\u00e7\u00e3o mais pobre e atingida pela pandemia do coronav\u00edrus. Bolsonaro, em seu pronunciamento, exaltou os governos militares e esqueceu completamente de falar dos efeitos desastrosos da pandemia da Covid-19&hellip;<\/p>\n","protected":false},"author":1,"featured_media":18202,"comment_status":"open","ping_status":"open","sticky":false,"template":"","format":"standard","meta":{"footnotes":""},"categories":[1],"tags":[],"class_list":["post-18201","post","type-post","status-publish","format-standard","has-post-thumbnail","hentry","category-noticias"],"_links":{"self":[{"href":"https:\/\/blogdorogeriogomes.com.br\/noticias\/wp-json\/wp\/v2\/posts\/18201","targetHints":{"allow":["GET"]}}],"collection":[{"href":"https:\/\/blogdorogeriogomes.com.br\/noticias\/wp-json\/wp\/v2\/posts"}],"about":[{"href":"https:\/\/blogdorogeriogomes.com.br\/noticias\/wp-json\/wp\/v2\/types\/post"}],"author":[{"embeddable":true,"href":"https:\/\/blogdorogeriogomes.com.br\/noticias\/wp-json\/wp\/v2\/users\/1"}],"replies":[{"embeddable":true,"href":"https:\/\/blogdorogeriogomes.com.br\/noticias\/wp-json\/wp\/v2\/comments?post=18201"}],"version-history":[{"count":1,"href":"https:\/\/blogdorogeriogomes.com.br\/noticias\/wp-json\/wp\/v2\/posts\/18201\/revisions"}],"predecessor-version":[{"id":18203,"href":"https:\/\/blogdorogeriogomes.com.br\/noticias\/wp-json\/wp\/v2\/posts\/18201\/revisions\/18203"}],"wp:featuredmedia":[{"embeddable":true,"href":"https:\/\/blogdorogeriogomes.com.br\/noticias\/wp-json\/wp\/v2\/media\/18202"}],"wp:attachment":[{"href":"https:\/\/blogdorogeriogomes.com.br\/noticias\/wp-json\/wp\/v2\/media?parent=18201"}],"wp:term":[{"taxonomy":"category","embeddable":true,"href":"https:\/\/blogdorogeriogomes.com.br\/noticias\/wp-json\/wp\/v2\/categories?post=18201"},{"taxonomy":"post_tag","embeddable":true,"href":"https:\/\/blogdorogeriogomes.com.br\/noticias\/wp-json\/wp\/v2\/tags?post=18201"}],"curies":[{"name":"wp","href":"https:\/\/api.w.org\/{rel}","templated":true}]}}