{"id":18204,"date":"2020-09-08T18:33:26","date_gmt":"2020-09-08T18:33:26","guid":{"rendered":"https:\/\/blogdorogeriogomes.com.br\/?p=18204"},"modified":"2020-09-10T11:51:42","modified_gmt":"2020-09-10T11:51:42","slug":"depois-do-pros-de-capitao-wagner-pc-do-b-e-pv-confirmam-que-terao-chapa-para-prefeitura-da-capital","status":"publish","type":"post","link":"https:\/\/blogdorogeriogomes.com.br\/noticias\/2020\/09\/depois-do-pros-de-capitao-wagner-pc-do-b-e-pv-confirmam-que-terao-chapa-para-prefeitura-da-capital\/","title":{"rendered":"Depois do Pros de Capit\u00e3o Wagner, PC do B e PV confirmam que ter\u00e3o chapa para prefeitura da Capital"},"content":{"rendered":"\n<p>Depois do Pros confirmar que ter\u00e1 o deputado federal Capit\u00e3o Wagner encabe\u00e7ando a chapa para concorrer \u00e0 Prefeitura de Fortaleza, em novembro, tendo como vice a advogada Kamila Cardoso, do Podemos, o PC do B e o PV tamb\u00e9m confirmam que pretendem concorrer com chapa \u00fanica no pleito municipal.<\/p>\n\n\n\n<p>A m\u00e9dica e professora universit\u00e1ria, Helena Serra Azul Monteiro, dever\u00e1 ser a vice do Professor Anizio na disputa para Prefeitura de Fortaleza pelo PC do B. A decis\u00e3o deve ser aprovada na conven\u00e7\u00e3o do partido, no dia 16 de setembro.<\/p>\n\n\n\n<p>J\u00e1 o Partido Verde (PV), em Fortaleza, agendou para o dia 16 de setembro, a conven\u00e7\u00e3o municipal do partido. Durante o encontro ser\u00e1 deliberada a homologa\u00e7\u00e3o da candidatura majorit\u00e1ria \u00e0 prefeito de Fortaleza do deputado federal C\u00e9lio Studart. O vice deve ser apontado na conven\u00e7\u00e3o.<\/p>\n\n\n\n<figure class=\"wp-block-image size-large\"><img loading=\"lazy\" decoding=\"async\" width=\"1024\" height=\"713\" src=\"https:\/\/blogdorogeriogomes.com.br\/wp-content\/uploads\/2020\/09\/foto_capitao_wagner_200907_com_kamila-13462534-1024x713.jpg\" alt=\"\" class=\"wp-image-18205\" srcset=\"https:\/\/blogdorogeriogomes.com.br\/noticias\/wp-content\/uploads\/2020\/09\/foto_capitao_wagner_200907_com_kamila-13462534-1024x713.jpg 1024w, https:\/\/blogdorogeriogomes.com.br\/noticias\/wp-content\/uploads\/2020\/09\/foto_capitao_wagner_200907_com_kamila-13462534-300x209.jpg 300w, https:\/\/blogdorogeriogomes.com.br\/noticias\/wp-content\/uploads\/2020\/09\/foto_capitao_wagner_200907_com_kamila-13462534-768x535.jpg 768w, https:\/\/blogdorogeriogomes.com.br\/noticias\/wp-content\/uploads\/2020\/09\/foto_capitao_wagner_200907_com_kamila-13462534-1536x1070.jpg 1536w, https:\/\/blogdorogeriogomes.com.br\/noticias\/wp-content\/uploads\/2020\/09\/foto_capitao_wagner_200907_com_kamila-13462534-800x557.jpg 800w, https:\/\/blogdorogeriogomes.com.br\/noticias\/wp-content\/uploads\/2020\/09\/foto_capitao_wagner_200907_com_kamila-13462534.jpg 1920w\" sizes=\"auto, (max-width: 1024px) 100vw, 1024px\" \/><\/figure>\n","protected":false},"excerpt":{"rendered":"<p>Depois do Pros confirmar que ter\u00e1 o deputado federal Capit\u00e3o Wagner encabe\u00e7ando a chapa para concorrer \u00e0 Prefeitura de Fortaleza, em novembro, tendo como vice a advogada Kamila Cardoso, do Podemos, o PC do B e o PV tamb\u00e9m confirmam que pretendem concorrer com chapa \u00fanica no pleito municipal. A m\u00e9dica e professora universit\u00e1ria, Helena Serra Azul Monteiro, dever\u00e1 ser a vice do Professor Anizio na disputa para Prefeitura de Fortaleza pelo PC do B. A decis\u00e3o deve ser&hellip;<\/p>\n","protected":false},"author":1,"featured_media":18205,"comment_status":"open","ping_status":"open","sticky":false,"template":"","format":"standard","meta":{"footnotes":""},"categories":[1],"tags":[],"class_list":["post-18204","post","type-post","status-publish","format-standard","has-post-thumbnail","hentry","category-noticias"],"_links":{"self":[{"href":"https:\/\/blogdorogeriogomes.com.br\/noticias\/wp-json\/wp\/v2\/posts\/18204","targetHints":{"allow":["GET"]}}],"collection":[{"href":"https:\/\/blogdorogeriogomes.com.br\/noticias\/wp-json\/wp\/v2\/posts"}],"about":[{"href":"https:\/\/blogdorogeriogomes.com.br\/noticias\/wp-json\/wp\/v2\/types\/post"}],"author":[{"embeddable":true,"href":"https:\/\/blogdorogeriogomes.com.br\/noticias\/wp-json\/wp\/v2\/users\/1"}],"replies":[{"embeddable":true,"href":"https:\/\/blogdorogeriogomes.com.br\/noticias\/wp-json\/wp\/v2\/comments?post=18204"}],"version-history":[{"count":1,"href":"https:\/\/blogdorogeriogomes.com.br\/noticias\/wp-json\/wp\/v2\/posts\/18204\/revisions"}],"predecessor-version":[{"id":18206,"href":"https:\/\/blogdorogeriogomes.com.br\/noticias\/wp-json\/wp\/v2\/posts\/18204\/revisions\/18206"}],"wp:featuredmedia":[{"embeddable":true,"href":"https:\/\/blogdorogeriogomes.com.br\/noticias\/wp-json\/wp\/v2\/media\/18205"}],"wp:attachment":[{"href":"https:\/\/blogdorogeriogomes.com.br\/noticias\/wp-json\/wp\/v2\/media?parent=18204"}],"wp:term":[{"taxonomy":"category","embeddable":true,"href":"https:\/\/blogdorogeriogomes.com.br\/noticias\/wp-json\/wp\/v2\/categories?post=18204"},{"taxonomy":"post_tag","embeddable":true,"href":"https:\/\/blogdorogeriogomes.com.br\/noticias\/wp-json\/wp\/v2\/tags?post=18204"}],"curies":[{"name":"wp","href":"https:\/\/api.w.org\/{rel}","templated":true}]}}