{"id":18209,"date":"2020-09-08T19:00:11","date_gmt":"2020-09-08T19:00:11","guid":{"rendered":"https:\/\/blogdorogeriogomes.com.br\/?p=18209"},"modified":"2020-09-10T11:51:46","modified_gmt":"2020-09-10T11:51:46","slug":"governo-federal-anunciou-quatro-parcelas-extras-do-auxilio-mas-nem-todos-vao-receber-o-beneficio-integral","status":"publish","type":"post","link":"https:\/\/blogdorogeriogomes.com.br\/noticias\/2020\/09\/governo-federal-anunciou-quatro-parcelas-extras-do-auxilio-mas-nem-todos-vao-receber-o-beneficio-integral\/","title":{"rendered":"Governo Federal anunciou quatro parcelas extras do aux\u00edlio, mas nem todos v\u00e3o receber o benef\u00edcio integral"},"content":{"rendered":"\n<p>Uma not\u00edcia n\u00e3o muito boa para quem sofreu demora na aprova\u00e7\u00e3o do cadastro para receber o aux\u00edlio emergencial depois de abril. O Governo Federal aprovou mais quatro parcelas de R$ 300 reais no aux\u00edlio emergencial, mas apenas quem come\u00e7ou a receber o benef\u00edcio ainda no m\u00eas de abril vai conseguir todos os pagamentos. Os demais benefici\u00e1rios ter\u00e3o direito a menos parcelas. O Minist\u00e9rio da Cidadania, respons\u00e1vel pelo aux\u00edlio, afirmou que o n\u00famero de parcelas de R$ 300 reais depende de quando a pessoa come\u00e7ou a receber o aux\u00edlio.<\/p>\n\n\n\n<p>&#8220;Quem come\u00e7ou a receber o aux\u00edlio emergencial em abril ter\u00e1 direito \u00e0s quatro parcelas. Quem passou a receber a partir de julho, por exemplo, ter\u00e1 direito a apenas uma parcela do novo benef\u00edcio, que ser\u00e1 paga no m\u00eas de dezembro&#8221;, esclareceu em nota o Minist\u00e9rio da Cidadania.<\/p>\n\n\n\n<figure class=\"wp-block-image size-large\"><img loading=\"lazy\" decoding=\"async\" width=\"739\" height=\"415\" src=\"https:\/\/blogdorogeriogomes.com.br\/wp-content\/uploads\/2020\/09\/images-13.jpeg\" alt=\"\" class=\"wp-image-18210\" srcset=\"https:\/\/blogdorogeriogomes.com.br\/noticias\/wp-content\/uploads\/2020\/09\/images-13.jpeg 739w, https:\/\/blogdorogeriogomes.com.br\/noticias\/wp-content\/uploads\/2020\/09\/images-13-300x168.jpeg 300w\" sizes=\"auto, (max-width: 739px) 100vw, 739px\" \/><\/figure>\n\n\n\n<p><\/p>\n","protected":false},"excerpt":{"rendered":"<p>Uma not\u00edcia n\u00e3o muito boa para quem sofreu demora na aprova\u00e7\u00e3o do cadastro para receber o aux\u00edlio emergencial depois de abril. O Governo Federal aprovou mais quatro parcelas de R$ 300 reais no aux\u00edlio emergencial, mas apenas quem come\u00e7ou a receber o benef\u00edcio ainda no m\u00eas de abril vai conseguir todos os pagamentos. Os demais benefici\u00e1rios ter\u00e3o direito a menos parcelas. O Minist\u00e9rio da Cidadania, respons\u00e1vel pelo aux\u00edlio, afirmou que o n\u00famero de parcelas de R$ 300 reais depende&hellip;<\/p>\n","protected":false},"author":1,"featured_media":18210,"comment_status":"open","ping_status":"open","sticky":false,"template":"","format":"standard","meta":{"footnotes":""},"categories":[1],"tags":[],"class_list":["post-18209","post","type-post","status-publish","format-standard","has-post-thumbnail","hentry","category-noticias"],"_links":{"self":[{"href":"https:\/\/blogdorogeriogomes.com.br\/noticias\/wp-json\/wp\/v2\/posts\/18209","targetHints":{"allow":["GET"]}}],"collection":[{"href":"https:\/\/blogdorogeriogomes.com.br\/noticias\/wp-json\/wp\/v2\/posts"}],"about":[{"href":"https:\/\/blogdorogeriogomes.com.br\/noticias\/wp-json\/wp\/v2\/types\/post"}],"author":[{"embeddable":true,"href":"https:\/\/blogdorogeriogomes.com.br\/noticias\/wp-json\/wp\/v2\/users\/1"}],"replies":[{"embeddable":true,"href":"https:\/\/blogdorogeriogomes.com.br\/noticias\/wp-json\/wp\/v2\/comments?post=18209"}],"version-history":[{"count":1,"href":"https:\/\/blogdorogeriogomes.com.br\/noticias\/wp-json\/wp\/v2\/posts\/18209\/revisions"}],"predecessor-version":[{"id":18211,"href":"https:\/\/blogdorogeriogomes.com.br\/noticias\/wp-json\/wp\/v2\/posts\/18209\/revisions\/18211"}],"wp:featuredmedia":[{"embeddable":true,"href":"https:\/\/blogdorogeriogomes.com.br\/noticias\/wp-json\/wp\/v2\/media\/18210"}],"wp:attachment":[{"href":"https:\/\/blogdorogeriogomes.com.br\/noticias\/wp-json\/wp\/v2\/media?parent=18209"}],"wp:term":[{"taxonomy":"category","embeddable":true,"href":"https:\/\/blogdorogeriogomes.com.br\/noticias\/wp-json\/wp\/v2\/categories?post=18209"},{"taxonomy":"post_tag","embeddable":true,"href":"https:\/\/blogdorogeriogomes.com.br\/noticias\/wp-json\/wp\/v2\/tags?post=18209"}],"curies":[{"name":"wp","href":"https:\/\/api.w.org\/{rel}","templated":true}]}}