{"id":18223,"date":"2020-09-09T21:16:14","date_gmt":"2020-09-09T21:16:14","guid":{"rendered":"https:\/\/blogdorogeriogomes.com.br\/?p=18223"},"modified":"2020-09-10T11:51:56","modified_gmt":"2020-09-10T11:51:56","slug":"cbf-determina-que-so-ceara-e-fortaleza-podem-utilizar-a-arena-castelao-ate-o-fim-do-ano","status":"publish","type":"post","link":"https:\/\/blogdorogeriogomes.com.br\/noticias\/2020\/09\/cbf-determina-que-so-ceara-e-fortaleza-podem-utilizar-a-arena-castelao-ate-o-fim-do-ano\/","title":{"rendered":"CBF determina que s\u00f3 Cear\u00e1 e Fortaleza podem utilizar a Arena Castel\u00e3o at\u00e9 o fim do ano"},"content":{"rendered":"\n<p>A Confedera\u00e7\u00e3o Brasileira de Futebol (CBF) comunicou ao Governo do Cear\u00e1 que s\u00f3 times da S\u00e9rie A do Brasileir\u00e3o, no caso o Cear\u00e1 e Fortaleza em n\u00edvel local, poder\u00e3o&nbsp;atuar na Arena Castel\u00e3o at\u00e9 o fim do ano. Os jogos da S\u00e9rie A, por enquanto, acontecem sem torcida. O objetivo da medida \u00e9 evitar um maior desgaste do gramado. Uma comiss\u00e3o da CBF vistoriou o est\u00e1dio.<\/p>\n\n\n\n<p>Com a determina\u00e7\u00e3o da CBF, a Federa\u00e7\u00e3o Cearense de Futebol (FCF) ter\u00e1 de buscar outros est\u00e1dios para sediar os jogos das S\u00e9ries C e D do Campeonato Brasileiro, onde est\u00e3o o Ferrovi\u00e1rio, Floresta e Guarany de Sobral.<\/p>\n\n\n\n<p>Em Fortaleza, o est\u00e1dio Presidente Vargas, que foi utilizado para a constru\u00e7\u00e3o do Hospital de Campanha para pacientes da Covid-19, ainda est\u00e1 com uma pequena parte da estrutura montada no gramado. Tr\u00eas m\u00f3dulos j\u00e1 foram desmontados diante da queda no n\u00famero de casos de coronav\u00edrus na Capital. O PV ainda est\u00e1 cedido \u00e0 Secretaria de Sa\u00fade de Fortaleza, apesar de hoje n\u00e3o ter mais pacientes internados.<\/p>\n\n\n\n<figure class=\"wp-block-image size-large\"><img loading=\"lazy\" decoding=\"async\" width=\"1024\" height=\"576\" src=\"https:\/\/blogdorogeriogomes.com.br\/wp-content\/uploads\/2020\/09\/Arena_Castelai-1024x576.jpg\" alt=\"\" class=\"wp-image-18224\" srcset=\"https:\/\/blogdorogeriogomes.com.br\/noticias\/wp-content\/uploads\/2020\/09\/Arena_Castelai-1024x576.jpg 1024w, https:\/\/blogdorogeriogomes.com.br\/noticias\/wp-content\/uploads\/2020\/09\/Arena_Castelai-300x169.jpg 300w, https:\/\/blogdorogeriogomes.com.br\/noticias\/wp-content\/uploads\/2020\/09\/Arena_Castelai-768x432.jpg 768w, https:\/\/blogdorogeriogomes.com.br\/noticias\/wp-content\/uploads\/2020\/09\/Arena_Castelai-800x450.jpg 800w, https:\/\/blogdorogeriogomes.com.br\/noticias\/wp-content\/uploads\/2020\/09\/Arena_Castelai.jpg 1440w\" sizes=\"auto, (max-width: 1024px) 100vw, 1024px\" \/><\/figure>\n","protected":false},"excerpt":{"rendered":"<p>A Confedera\u00e7\u00e3o Brasileira de Futebol (CBF) comunicou ao Governo do Cear\u00e1 que s\u00f3 times da S\u00e9rie A do Brasileir\u00e3o, no caso o Cear\u00e1 e Fortaleza em n\u00edvel local, poder\u00e3o&nbsp;atuar na Arena Castel\u00e3o at\u00e9 o fim do ano. Os jogos da S\u00e9rie A, por enquanto, acontecem sem torcida. O objetivo da medida \u00e9 evitar um maior desgaste do gramado. Uma comiss\u00e3o da CBF vistoriou o est\u00e1dio. Com a determina\u00e7\u00e3o da CBF, a Federa\u00e7\u00e3o Cearense de Futebol (FCF) ter\u00e1 de buscar&hellip;<\/p>\n","protected":false},"author":1,"featured_media":18224,"comment_status":"open","ping_status":"open","sticky":false,"template":"","format":"standard","meta":{"footnotes":""},"categories":[1],"tags":[],"class_list":["post-18223","post","type-post","status-publish","format-standard","has-post-thumbnail","hentry","category-noticias"],"_links":{"self":[{"href":"https:\/\/blogdorogeriogomes.com.br\/noticias\/wp-json\/wp\/v2\/posts\/18223","targetHints":{"allow":["GET"]}}],"collection":[{"href":"https:\/\/blogdorogeriogomes.com.br\/noticias\/wp-json\/wp\/v2\/posts"}],"about":[{"href":"https:\/\/blogdorogeriogomes.com.br\/noticias\/wp-json\/wp\/v2\/types\/post"}],"author":[{"embeddable":true,"href":"https:\/\/blogdorogeriogomes.com.br\/noticias\/wp-json\/wp\/v2\/users\/1"}],"replies":[{"embeddable":true,"href":"https:\/\/blogdorogeriogomes.com.br\/noticias\/wp-json\/wp\/v2\/comments?post=18223"}],"version-history":[{"count":2,"href":"https:\/\/blogdorogeriogomes.com.br\/noticias\/wp-json\/wp\/v2\/posts\/18223\/revisions"}],"predecessor-version":[{"id":18236,"href":"https:\/\/blogdorogeriogomes.com.br\/noticias\/wp-json\/wp\/v2\/posts\/18223\/revisions\/18236"}],"wp:featuredmedia":[{"embeddable":true,"href":"https:\/\/blogdorogeriogomes.com.br\/noticias\/wp-json\/wp\/v2\/media\/18224"}],"wp:attachment":[{"href":"https:\/\/blogdorogeriogomes.com.br\/noticias\/wp-json\/wp\/v2\/media?parent=18223"}],"wp:term":[{"taxonomy":"category","embeddable":true,"href":"https:\/\/blogdorogeriogomes.com.br\/noticias\/wp-json\/wp\/v2\/categories?post=18223"},{"taxonomy":"post_tag","embeddable":true,"href":"https:\/\/blogdorogeriogomes.com.br\/noticias\/wp-json\/wp\/v2\/tags?post=18223"}],"curies":[{"name":"wp","href":"https:\/\/api.w.org\/{rel}","templated":true}]}}