{"id":18230,"date":"2020-09-10T09:36:21","date_gmt":"2020-09-10T09:36:21","guid":{"rendered":"https:\/\/blogdorogeriogomes.com.br\/?p=18230"},"modified":"2020-09-10T11:52:57","modified_gmt":"2020-09-10T11:52:57","slug":"luiz-fux-e-rosa-weber-assumem-comando-do-stf-nesta-quinta-feira-em-ultimo-ato-toffoli-decide-manter-witzel-afastado","status":"publish","type":"post","link":"https:\/\/blogdorogeriogomes.com.br\/noticias\/2020\/09\/luiz-fux-e-rosa-weber-assumem-comando-do-stf-nesta-quinta-feira-em-ultimo-ato-toffoli-decide-manter-witzel-afastado\/","title":{"rendered":"Luiz Fux e Rosa Weber assumem comando do STF nesta quinta-feira. Em \u00faltimo ato, Toffoli decide manter Witzel afastado"},"content":{"rendered":"\n<p>O ministro Luiz Fux tomar\u00e1 posse nesta quinta-feira, dia 10 de setembro, como novo presidente do Supremo Tribunal Federal (STF). A ministra Rosa Weber ser\u00e1 a vice. A cerim\u00f4nia ser\u00e1 restrita em raz\u00e3o da pandemia do novo coronav\u00edrus.&nbsp;Fux substituir\u00e1 o ministro Dias Toffoli no comando da mais alta Corte do pa\u00eds. O mandato \u00e9 de dois anos.<\/p>\n\n\n\n<p>No \u00faltimo ato como presidente do STF, Dias Toffoli negou o pedido da defesa do governador afastado do Rio de Janeiro, Wilson Witzel, para suspender a decis\u00e3o cautelar do Superior Tribunal de Justi\u00e7a (STJ) que determinou o afastamento de Witzel do governo por 180 dias.&nbsp;Witzel est\u00e1 sendo acusado de fraudes e corre o risco de sofrer impeachment na Assembleia Legislativa do Rio de Janeiro.<\/p>\n\n\n\n<figure class=\"wp-block-image size-large\"><img loading=\"lazy\" decoding=\"async\" width=\"741\" height=\"390\" src=\"https:\/\/blogdorogeriogomes.com.br\/wp-content\/uploads\/2020\/09\/images-1-1.jpeg\" alt=\"\" class=\"wp-image-18231\" srcset=\"https:\/\/blogdorogeriogomes.com.br\/noticias\/wp-content\/uploads\/2020\/09\/images-1-1.jpeg 741w, https:\/\/blogdorogeriogomes.com.br\/noticias\/wp-content\/uploads\/2020\/09\/images-1-1-300x158.jpeg 300w\" sizes=\"auto, (max-width: 741px) 100vw, 741px\" \/><\/figure>\n","protected":false},"excerpt":{"rendered":"<p>O ministro Luiz Fux tomar\u00e1 posse nesta quinta-feira, dia 10 de setembro, como novo presidente do Supremo Tribunal Federal (STF). A ministra Rosa Weber ser\u00e1 a vice. A cerim\u00f4nia ser\u00e1 restrita em raz\u00e3o da pandemia do novo coronav\u00edrus.&nbsp;Fux substituir\u00e1 o ministro Dias Toffoli no comando da mais alta Corte do pa\u00eds. O mandato \u00e9 de dois anos. No \u00faltimo ato como presidente do STF, Dias Toffoli negou o pedido da defesa do governador afastado do Rio de Janeiro, Wilson&hellip;<\/p>\n","protected":false},"author":1,"featured_media":18231,"comment_status":"open","ping_status":"open","sticky":false,"template":"","format":"standard","meta":{"footnotes":""},"categories":[1],"tags":[],"class_list":["post-18230","post","type-post","status-publish","format-standard","has-post-thumbnail","hentry","category-noticias"],"_links":{"self":[{"href":"https:\/\/blogdorogeriogomes.com.br\/noticias\/wp-json\/wp\/v2\/posts\/18230","targetHints":{"allow":["GET"]}}],"collection":[{"href":"https:\/\/blogdorogeriogomes.com.br\/noticias\/wp-json\/wp\/v2\/posts"}],"about":[{"href":"https:\/\/blogdorogeriogomes.com.br\/noticias\/wp-json\/wp\/v2\/types\/post"}],"author":[{"embeddable":true,"href":"https:\/\/blogdorogeriogomes.com.br\/noticias\/wp-json\/wp\/v2\/users\/1"}],"replies":[{"embeddable":true,"href":"https:\/\/blogdorogeriogomes.com.br\/noticias\/wp-json\/wp\/v2\/comments?post=18230"}],"version-history":[{"count":2,"href":"https:\/\/blogdorogeriogomes.com.br\/noticias\/wp-json\/wp\/v2\/posts\/18230\/revisions"}],"predecessor-version":[{"id":18237,"href":"https:\/\/blogdorogeriogomes.com.br\/noticias\/wp-json\/wp\/v2\/posts\/18230\/revisions\/18237"}],"wp:featuredmedia":[{"embeddable":true,"href":"https:\/\/blogdorogeriogomes.com.br\/noticias\/wp-json\/wp\/v2\/media\/18231"}],"wp:attachment":[{"href":"https:\/\/blogdorogeriogomes.com.br\/noticias\/wp-json\/wp\/v2\/media?parent=18230"}],"wp:term":[{"taxonomy":"category","embeddable":true,"href":"https:\/\/blogdorogeriogomes.com.br\/noticias\/wp-json\/wp\/v2\/categories?post=18230"},{"taxonomy":"post_tag","embeddable":true,"href":"https:\/\/blogdorogeriogomes.com.br\/noticias\/wp-json\/wp\/v2\/tags?post=18230"}],"curies":[{"name":"wp","href":"https:\/\/api.w.org\/{rel}","templated":true}]}}