{"id":18233,"date":"2020-09-10T09:50:40","date_gmt":"2020-09-10T09:50:40","guid":{"rendered":"https:\/\/blogdorogeriogomes.com.br\/?p=18233"},"modified":"2020-09-10T11:52:01","modified_gmt":"2020-09-10T11:52:01","slug":"pacto-pelo-saneamento-da-assembleia-realiza-seminarios-no-interior-do-ceara","status":"publish","type":"post","link":"https:\/\/blogdorogeriogomes.com.br\/noticias\/2020\/09\/pacto-pelo-saneamento-da-assembleia-realiza-seminarios-no-interior-do-ceara\/","title":{"rendered":"Pacto pelo saneamento da Assembleia realiza semin\u00e1rios no interior do Cear\u00e1"},"content":{"rendered":"\n<p>A Assembleia Legislativa do Cear\u00e1 realiza, por meio do Conselho de Altos Estudos e Assuntos Estrat\u00e9gicos, nos meses de setembro e outubro, nove semin\u00e1rios regionais, de forma virtual, atrav\u00e9s da plataforma Zoom, dando continuidade \u00e0s atividades do Pacto pelo Saneamento B\u00e1sico. O lan\u00e7amento dos semin\u00e1rios acontece em 18 de setembro, a partir das 14h30min. As inscri\u00e7\u00f5es para o lan\u00e7amento poder\u00e3o ser feitas a partir do dia 10, quinta-feira, at\u00e9 o dia 17 de setembro.<\/p>\n\n\n\n<p>Os encontros ser\u00e3o realizados por bacia hidrogr\u00e1fica, com o objetivo de apresentar e discutir os resultados preliminares do \u201cCen\u00e1rio Atual do Saneamento B\u00e1sico\u201d no Cear\u00e1, assim como os desafios por eixos tem\u00e1ticos. Em atividades anteriores do pacto, foram definidos os seguintes eixos: abastecimento de \u00e1gua pot\u00e1vel e esgotamento sanit\u00e1rio; gest\u00e3o de res\u00edduos s\u00f3lidos; drenagem de \u00e1guas pluviais; saneamento rural e educa\u00e7\u00e3o ambiental para o saneamento b\u00e1sico, visando a universaliza\u00e7\u00e3o destes servi\u00e7os \u00e0 toda sociedade cearense.<\/p>\n\n\n\n<p>Os semin\u00e1rios regionais contemplar\u00e3o as seguintes bacias: Sub Bacia Hidrogr\u00e1fica do Salgado; Bacias Hidrogr\u00e1ficas Metropolitanas; Sub Bacia Hidrogr\u00e1fica do Banabui\u00fa; Bacia Hidrogr\u00e1fica do Acara\u00fa; Bacias Hidrogr\u00e1ficas Serra da Ibiapaba e Sert\u00f5es de Crate\u00fas; Bacia Hidrogr\u00e1fica do Corea\u00fa; Bacias Hidrogr\u00e1ficas do Curu e do Litoral; as Bacias Hidrogr\u00e1ficas do M\u00e9dio e Baixo Jaguaribe e a Sub Bacia Hidrogr\u00e1fica do Alto Jaguaribe. <\/p>\n\n\n\n<p>Segundo a coordenadora t\u00e9cnica do Pacto, Rosana Garjulli, a estrat\u00e9gia de trabalhar os Semin\u00e1rios Regionais por bacias hidrogr\u00e1ficas se deve ao fato de que o acesso a \u00e1gua para abastecimento humano depende da disponibilidade h\u00eddrica de cada bacia. \u201cA aus\u00eancia de esgotamento sanit\u00e1rio, de destina\u00e7\u00e3o correta dos res\u00edduos s\u00f3lidos e de drenagem afeta diretamente a quantidade e a qualidade da \u00e1gua a ser disponibilizada \u00e0 popula\u00e7\u00e3o residente nos munic\u00edpios\u201d, explica.<\/p>\n\n\n\n<p>Conforme o Secret\u00e1rio Executivo do Conselho de Altos Estudos, Ant\u00f4nio Balhmann, o pacto \u00e9 um processo de formata\u00e7\u00e3o de estrat\u00e9gias e de defini\u00e7\u00e3o de pol\u00edticas para apoiar governos futuros para a solu\u00e7\u00e3o do problema do saneamento b\u00e1sico. \u201cO Pacto ganha ainda mais relev\u00e2ncia nesse per\u00edodo de escolha dos novos gestores municipais, porque eles poder\u00e3o assumir compromissos relacionados ao saneamento b\u00e1sico para seus munic\u00edpios\u201d. A pr\u00f3xima fase, ap\u00f3s o processo de constru\u00e7\u00e3o do \u201cCen\u00e1rio Atual do Saneamento B\u00e1sico no Cear\u00e1\u201d, ser\u00e1 a de constitui\u00e7\u00e3o do \u201cPlano Estrat\u00e9gico de Saneamento B\u00e1sico\u201d.<\/p>\n\n\n\n<figure class=\"wp-block-image size-large\"><img loading=\"lazy\" decoding=\"async\" width=\"900\" height=\"600\" src=\"https:\/\/blogdorogeriogomes.com.br\/wp-content\/uploads\/2020\/09\/ALCE_Foto_Divulgacao.jpg\" alt=\"\" class=\"wp-image-18234\" srcset=\"https:\/\/blogdorogeriogomes.com.br\/noticias\/wp-content\/uploads\/2020\/09\/ALCE_Foto_Divulgacao.jpg 900w, https:\/\/blogdorogeriogomes.com.br\/noticias\/wp-content\/uploads\/2020\/09\/ALCE_Foto_Divulgacao-300x200.jpg 300w, https:\/\/blogdorogeriogomes.com.br\/noticias\/wp-content\/uploads\/2020\/09\/ALCE_Foto_Divulgacao-768x512.jpg 768w, https:\/\/blogdorogeriogomes.com.br\/noticias\/wp-content\/uploads\/2020\/09\/ALCE_Foto_Divulgacao-800x533.jpg 800w\" sizes=\"auto, (max-width: 900px) 100vw, 900px\" \/><\/figure>\n\n\n\n<p><\/p>\n\n\n\n<p><\/p>\n\n\n\n<p><\/p>\n\n\n\n<p><\/p>\n\n\n\n<p><\/p>\n\n\n\n<p><\/p>\n\n\n\n<p><\/p>\n\n\n\n<p><\/p>\n\n\n\n<p><\/p>\n\n\n\n<p><\/p>\n\n\n\n<p><\/p>\n\n\n\n<p><\/p>\n\n\n\n<p><\/p>\n\n\n\n<p><\/p>\n\n\n\n<p><\/p>\n\n\n\n<p><\/p>\n","protected":false},"excerpt":{"rendered":"<p>A Assembleia Legislativa do Cear\u00e1 realiza, por meio do Conselho de Altos Estudos e Assuntos Estrat\u00e9gicos, nos meses de setembro e outubro, nove semin\u00e1rios regionais, de forma virtual, atrav\u00e9s da plataforma Zoom, dando continuidade \u00e0s atividades do Pacto pelo Saneamento B\u00e1sico. O lan\u00e7amento dos semin\u00e1rios acontece em 18 de setembro, a partir das 14h30min. As inscri\u00e7\u00f5es para o lan\u00e7amento poder\u00e3o ser feitas a partir do dia 10, quinta-feira, at\u00e9 o dia 17 de setembro. Os encontros ser\u00e3o realizados por&hellip;<\/p>\n","protected":false},"author":1,"featured_media":18234,"comment_status":"open","ping_status":"open","sticky":false,"template":"","format":"standard","meta":{"footnotes":""},"categories":[1],"tags":[],"class_list":["post-18233","post","type-post","status-publish","format-standard","has-post-thumbnail","hentry","category-noticias"],"_links":{"self":[{"href":"https:\/\/blogdorogeriogomes.com.br\/noticias\/wp-json\/wp\/v2\/posts\/18233","targetHints":{"allow":["GET"]}}],"collection":[{"href":"https:\/\/blogdorogeriogomes.com.br\/noticias\/wp-json\/wp\/v2\/posts"}],"about":[{"href":"https:\/\/blogdorogeriogomes.com.br\/noticias\/wp-json\/wp\/v2\/types\/post"}],"author":[{"embeddable":true,"href":"https:\/\/blogdorogeriogomes.com.br\/noticias\/wp-json\/wp\/v2\/users\/1"}],"replies":[{"embeddable":true,"href":"https:\/\/blogdorogeriogomes.com.br\/noticias\/wp-json\/wp\/v2\/comments?post=18233"}],"version-history":[{"count":1,"href":"https:\/\/blogdorogeriogomes.com.br\/noticias\/wp-json\/wp\/v2\/posts\/18233\/revisions"}],"predecessor-version":[{"id":18235,"href":"https:\/\/blogdorogeriogomes.com.br\/noticias\/wp-json\/wp\/v2\/posts\/18233\/revisions\/18235"}],"wp:featuredmedia":[{"embeddable":true,"href":"https:\/\/blogdorogeriogomes.com.br\/noticias\/wp-json\/wp\/v2\/media\/18234"}],"wp:attachment":[{"href":"https:\/\/blogdorogeriogomes.com.br\/noticias\/wp-json\/wp\/v2\/media?parent=18233"}],"wp:term":[{"taxonomy":"category","embeddable":true,"href":"https:\/\/blogdorogeriogomes.com.br\/noticias\/wp-json\/wp\/v2\/categories?post=18233"},{"taxonomy":"post_tag","embeddable":true,"href":"https:\/\/blogdorogeriogomes.com.br\/noticias\/wp-json\/wp\/v2\/tags?post=18233"}],"curies":[{"name":"wp","href":"https:\/\/api.w.org\/{rel}","templated":true}]}}