{"id":18238,"date":"2020-09-10T19:20:22","date_gmt":"2020-09-10T19:20:22","guid":{"rendered":"https:\/\/blogdorogeriogomes.com.br\/?p=18238"},"modified":"2020-09-14T10:52:56","modified_gmt":"2020-09-14T10:52:56","slug":"alta-no-preco-de-alimentos-preocupa-consumidores-governo-federal-sofre-pressao-e-ve-estoques-reduzidos-para-o-consumo-interno","status":"publish","type":"post","link":"https:\/\/blogdorogeriogomes.com.br\/noticias\/2020\/09\/alta-no-preco-de-alimentos-preocupa-consumidores-governo-federal-sofre-pressao-e-ve-estoques-reduzidos-para-o-consumo-interno\/","title":{"rendered":"Alta no pre\u00e7o de alimentos preocupa consumidores. Governo Federal sofre press\u00e3o e v\u00ea estoques reduzidos para o consumo interno"},"content":{"rendered":"\n<p>A alta no pre\u00e7o de alimentos como arroz e feij\u00e3o nas prateleiras dos supermercados tem preocupado consumidores. Executivos de supermercados consideram um ato de desespero a cobran\u00e7a do governo Jair Bolsonaro para que o setor explique o aumento nos pre\u00e7os dos alimentos. A Secretaria Nacional do Consumidor do Minist\u00e9rio da Justi\u00e7a chegou a notificar a Associa\u00e7\u00e3o Brasileira de Supermercados e os representantes de produtores de alimentos para que expliquem, dentro de cinco dias, a alta dos custos de produtos aliment\u00edcios que comp\u00f5em a cesta b\u00e1sica.&nbsp;<\/p>\n\n\n\n<p>O Governo Federal tomou a decis\u00e3o de zerar as tarifas de importa\u00e7\u00e3o numa manobra pol\u00edtica arriscada do presidente Bolsonaro. \u00c9 praticamente consenso entre os economistas que a medida n\u00e3o surtir\u00e1 efeito no curto prazo.<\/p>\n\n\n\n<p>Na avalia\u00e7\u00e3o de muitos deles, o Governo Federal acabou com os estoques de arroz do pa\u00eds, aumentou as exporta\u00e7\u00f5es do item e descumpre a lei regulat\u00f3ria que garante seguran\u00e7a alimentar para popula\u00e7\u00e3o.&nbsp;Itens essenciais da cesta b\u00e1sica como feij\u00e3o e farinha de trigo tamb\u00e9m j\u00e1 est\u00e3o sem estoque.&nbsp;<\/p>\n\n\n\n<p>Para o ex-ministro Alo\u00edsio Mercadante, o Governo Bolsonaro \u201cjogou nos bra\u00e7os do mercado a regulamenta\u00e7\u00e3o do pre\u00e7o da cesta b\u00e1sica&#8230;assim, o povo ficou entre o pesco\u00e7o e a guilhotina. As pessoas s\u00e3o obrigadas a comer e n\u00e3o tem oferta, volume, estoque ou importa\u00e7\u00e3o desses alimentos\u201d.&nbsp;<\/p>\n\n\n\n<figure class=\"wp-block-image size-large\"><img loading=\"lazy\" decoding=\"async\" width=\"675\" height=\"454\" src=\"https:\/\/blogdorogeriogomes.com.br\/wp-content\/uploads\/2020\/09\/images-2-2.jpeg\" alt=\"\" class=\"wp-image-18239\" srcset=\"https:\/\/blogdorogeriogomes.com.br\/noticias\/wp-content\/uploads\/2020\/09\/images-2-2.jpeg 675w, https:\/\/blogdorogeriogomes.com.br\/noticias\/wp-content\/uploads\/2020\/09\/images-2-2-300x202.jpeg 300w\" sizes=\"auto, (max-width: 675px) 100vw, 675px\" \/><\/figure>\n\n\n\n<p><\/p>\n","protected":false},"excerpt":{"rendered":"<p>A alta no pre\u00e7o de alimentos como arroz e feij\u00e3o nas prateleiras dos supermercados tem preocupado consumidores. Executivos de supermercados consideram um ato de desespero a cobran\u00e7a do governo Jair Bolsonaro para que o setor explique o aumento nos pre\u00e7os dos alimentos. A Secretaria Nacional do Consumidor do Minist\u00e9rio da Justi\u00e7a chegou a notificar a Associa\u00e7\u00e3o Brasileira de Supermercados e os representantes de produtores de alimentos para que expliquem, dentro de cinco dias, a alta dos custos de produtos&hellip;<\/p>\n","protected":false},"author":1,"featured_media":18239,"comment_status":"open","ping_status":"open","sticky":false,"template":"","format":"standard","meta":{"footnotes":""},"categories":[1],"tags":[],"class_list":["post-18238","post","type-post","status-publish","format-standard","has-post-thumbnail","hentry","category-noticias"],"_links":{"self":[{"href":"https:\/\/blogdorogeriogomes.com.br\/noticias\/wp-json\/wp\/v2\/posts\/18238","targetHints":{"allow":["GET"]}}],"collection":[{"href":"https:\/\/blogdorogeriogomes.com.br\/noticias\/wp-json\/wp\/v2\/posts"}],"about":[{"href":"https:\/\/blogdorogeriogomes.com.br\/noticias\/wp-json\/wp\/v2\/types\/post"}],"author":[{"embeddable":true,"href":"https:\/\/blogdorogeriogomes.com.br\/noticias\/wp-json\/wp\/v2\/users\/1"}],"replies":[{"embeddable":true,"href":"https:\/\/blogdorogeriogomes.com.br\/noticias\/wp-json\/wp\/v2\/comments?post=18238"}],"version-history":[{"count":2,"href":"https:\/\/blogdorogeriogomes.com.br\/noticias\/wp-json\/wp\/v2\/posts\/18238\/revisions"}],"predecessor-version":[{"id":18271,"href":"https:\/\/blogdorogeriogomes.com.br\/noticias\/wp-json\/wp\/v2\/posts\/18238\/revisions\/18271"}],"wp:featuredmedia":[{"embeddable":true,"href":"https:\/\/blogdorogeriogomes.com.br\/noticias\/wp-json\/wp\/v2\/media\/18239"}],"wp:attachment":[{"href":"https:\/\/blogdorogeriogomes.com.br\/noticias\/wp-json\/wp\/v2\/media?parent=18238"}],"wp:term":[{"taxonomy":"category","embeddable":true,"href":"https:\/\/blogdorogeriogomes.com.br\/noticias\/wp-json\/wp\/v2\/categories?post=18238"},{"taxonomy":"post_tag","embeddable":true,"href":"https:\/\/blogdorogeriogomes.com.br\/noticias\/wp-json\/wp\/v2\/tags?post=18238"}],"curies":[{"name":"wp","href":"https:\/\/api.w.org\/{rel}","templated":true}]}}