{"id":18241,"date":"2020-09-10T19:44:02","date_gmt":"2020-09-10T19:44:02","guid":{"rendered":"https:\/\/blogdorogeriogomes.com.br\/?p=18241"},"modified":"2020-09-14T10:52:35","modified_gmt":"2020-09-14T10:52:35","slug":"governador-camilo-santana-empossa-o-novo-secretario-de-seguranca-publica-e-defesa-social","status":"publish","type":"post","link":"https:\/\/blogdorogeriogomes.com.br\/noticias\/2020\/09\/governador-camilo-santana-empossa-o-novo-secretario-de-seguranca-publica-e-defesa-social\/","title":{"rendered":"Governador Camilo Santana empossa o novo secret\u00e1rio de Seguran\u00e7a P\u00fablica e Defesa Social"},"content":{"rendered":"\n<p>O governador do Cear\u00e1, Camilo Santana, empossou nesta quinta-feira, dia 10 de setembro, o novo secret\u00e1rio da Seguran\u00e7a P\u00fablica e Defesa Social (SSPDS), Sandro Luciano Caron de Moraes. O ato de transmiss\u00e3o de cargo teve a presen\u00e7a do ex-secret\u00e1rio da pasta, Andr\u00e9 Costa, que permaneceu tr\u00eas anos e oito meses no cargo.<\/p>\n\n\n\n<p>Aos 45 anos, sendo 22 como delegado da Pol\u00edcia Federal, Sandro Caron j\u00e1 foi superintendente da institui\u00e7\u00e3o no Cear\u00e1 e tamb\u00e9m no Rio Grande do Sul. Atuou na Coordena\u00e7\u00e3o da Seguran\u00e7a da Copa do Mundo de 2014, e coordenou o servi\u00e7o antiterrorismo nos Jogos Ol\u00edmpicos e Paral\u00edmpicos Rio 2016. Ainda comandou, durante cinco anos, a Divis\u00e3o de Intelig\u00eancia Policial (DIP) do Departamento de Pol\u00edcia Federal, do Minist\u00e9rio da Justi\u00e7a. Caron tamb\u00e9m foi adido da PF na Embaixada do Brasil, em Lisboa, durante tr\u00eas anos.<\/p>\n\n\n\n<p>&#8220;N\u00e3o mediremos esfor\u00e7os para que os melhores resultados sejam alcan\u00e7ados. \u00c9 o maior desafio at\u00e9 hoje a mim passado&#8221;, disse o novo Secret\u00e1rio da SSPDS.<\/p>\n\n\n\n<figure class=\"wp-block-image size-large\"><img loading=\"lazy\" decoding=\"async\" width=\"600\" height=\"401\" src=\"https:\/\/blogdorogeriogomes.com.br\/wp-content\/uploads\/2020\/09\/CGM8815-600x401-1.jpg\" alt=\"\" class=\"wp-image-18242\" srcset=\"https:\/\/blogdorogeriogomes.com.br\/noticias\/wp-content\/uploads\/2020\/09\/CGM8815-600x401-1.jpg 600w, https:\/\/blogdorogeriogomes.com.br\/noticias\/wp-content\/uploads\/2020\/09\/CGM8815-600x401-1-300x201.jpg 300w\" sizes=\"auto, (max-width: 600px) 100vw, 600px\" \/><\/figure>\n","protected":false},"excerpt":{"rendered":"<p>O governador do Cear\u00e1, Camilo Santana, empossou nesta quinta-feira, dia 10 de setembro, o novo secret\u00e1rio da Seguran\u00e7a P\u00fablica e Defesa Social (SSPDS), Sandro Luciano Caron de Moraes. O ato de transmiss\u00e3o de cargo teve a presen\u00e7a do ex-secret\u00e1rio da pasta, Andr\u00e9 Costa, que permaneceu tr\u00eas anos e oito meses no cargo. Aos 45 anos, sendo 22 como delegado da Pol\u00edcia Federal, Sandro Caron j\u00e1 foi superintendente da institui\u00e7\u00e3o no Cear\u00e1 e tamb\u00e9m no Rio Grande do Sul. Atuou&hellip;<\/p>\n","protected":false},"author":1,"featured_media":18242,"comment_status":"open","ping_status":"open","sticky":false,"template":"","format":"standard","meta":{"footnotes":""},"categories":[1],"tags":[],"class_list":["post-18241","post","type-post","status-publish","format-standard","has-post-thumbnail","hentry","category-noticias"],"_links":{"self":[{"href":"https:\/\/blogdorogeriogomes.com.br\/noticias\/wp-json\/wp\/v2\/posts\/18241","targetHints":{"allow":["GET"]}}],"collection":[{"href":"https:\/\/blogdorogeriogomes.com.br\/noticias\/wp-json\/wp\/v2\/posts"}],"about":[{"href":"https:\/\/blogdorogeriogomes.com.br\/noticias\/wp-json\/wp\/v2\/types\/post"}],"author":[{"embeddable":true,"href":"https:\/\/blogdorogeriogomes.com.br\/noticias\/wp-json\/wp\/v2\/users\/1"}],"replies":[{"embeddable":true,"href":"https:\/\/blogdorogeriogomes.com.br\/noticias\/wp-json\/wp\/v2\/comments?post=18241"}],"version-history":[{"count":1,"href":"https:\/\/blogdorogeriogomes.com.br\/noticias\/wp-json\/wp\/v2\/posts\/18241\/revisions"}],"predecessor-version":[{"id":18243,"href":"https:\/\/blogdorogeriogomes.com.br\/noticias\/wp-json\/wp\/v2\/posts\/18241\/revisions\/18243"}],"wp:featuredmedia":[{"embeddable":true,"href":"https:\/\/blogdorogeriogomes.com.br\/noticias\/wp-json\/wp\/v2\/media\/18242"}],"wp:attachment":[{"href":"https:\/\/blogdorogeriogomes.com.br\/noticias\/wp-json\/wp\/v2\/media?parent=18241"}],"wp:term":[{"taxonomy":"category","embeddable":true,"href":"https:\/\/blogdorogeriogomes.com.br\/noticias\/wp-json\/wp\/v2\/categories?post=18241"},{"taxonomy":"post_tag","embeddable":true,"href":"https:\/\/blogdorogeriogomes.com.br\/noticias\/wp-json\/wp\/v2\/tags?post=18241"}],"curies":[{"name":"wp","href":"https:\/\/api.w.org\/{rel}","templated":true}]}}