{"id":18244,"date":"2020-09-10T21:27:04","date_gmt":"2020-09-10T21:27:04","guid":{"rendered":"https:\/\/blogdorogeriogomes.com.br\/?p=18244"},"modified":"2020-09-14T10:52:09","modified_gmt":"2020-09-14T10:52:09","slug":"jose-sarto-e-elcio-batista-formam-a-chapa-de-situacao-para-a-prefeitura-de-fortaleza","status":"publish","type":"post","link":"https:\/\/blogdorogeriogomes.com.br\/noticias\/2020\/09\/jose-sarto-e-elcio-batista-formam-a-chapa-de-situacao-para-a-prefeitura-de-fortaleza\/","title":{"rendered":"Jos\u00e9 Sarto e Elcio Batista formam a chapa de situa\u00e7\u00e3o para a Prefeitura de Fortaleza"},"content":{"rendered":"\n<p>Acabou o mist\u00e9rio quanto a forma\u00e7\u00e3o de chapa de situa\u00e7\u00e3o para concorrer \u00e0 Prefeitura de Fortaleza. O prefeito Roberto Cl\u00e1udio anunciou o presidente da Assembleia Legislativa do Cear\u00e1, Jos\u00e9 Sarto (PDT), como candidato governista a prefeito. O vice na chapa ser\u00e1 Elcio Batista (PSB), uma indica\u00e7\u00e3o do governador Camilo Santana. Elcio era secret\u00e1rio da Casa Civil do Governo do Cear\u00e1. <\/p>\n\n\n\n<p>Jos\u00e9 Sarto era o nome com maior experi\u00eancia administrativa entre os cinco pr\u00e9 candidatos apontados pelo PDT. A carreira pol\u00edtica iniciou em 1988, quando foi eleito pela primeira vez vereador de Fortaleza. Quatro anos depois, ap\u00f3s ser reeleito, tornou-se presidente da C\u00e2mara Municipal de Fortaleza. Est\u00e1 no s\u00e9timo mandato consecutivo de deputado estadual e foi eleito Presidente da Assembleia Legislativa para o bi\u00eanio 2019-2020.<\/p>\n\n\n\n<p>At\u00e9 a \u00faltima hora, o governador Camilo Santana atuava por uma alian\u00e7a entre PT e PDT. A conven\u00e7\u00e3o partid\u00e1ria do PT est\u00e1 prevista para acontecer no dia 16 de setembro. O nome a ser lan\u00e7ado para concorrer \u00e0 Prefeitura de Fortaleza \u00e9 a da deputada federal Luizianne Lins. PDT e PT devem firmar um pacto de n\u00e3o agress\u00e3o durante a campanha do 1\u00b0 turno. A ideia \u00e9 centrar for\u00e7as contra a candidatura representada pelo bolsonarismo na Capital, que \u00e9 apontada como sendo a do Capit\u00e3o Wagner Sousa, do Pros.<\/p>\n\n\n\n<figure class=\"wp-block-image size-large\"><img loading=\"lazy\" decoding=\"async\" width=\"678\" height=\"452\" src=\"https:\/\/blogdorogeriogomes.com.br\/wp-content\/uploads\/2020\/09\/images-3-1.jpeg\" alt=\"\" class=\"wp-image-18245\" srcset=\"https:\/\/blogdorogeriogomes.com.br\/noticias\/wp-content\/uploads\/2020\/09\/images-3-1.jpeg 678w, https:\/\/blogdorogeriogomes.com.br\/noticias\/wp-content\/uploads\/2020\/09\/images-3-1-300x200.jpeg 300w\" sizes=\"auto, (max-width: 678px) 100vw, 678px\" \/><\/figure>\n","protected":false},"excerpt":{"rendered":"<p>Acabou o mist\u00e9rio quanto a forma\u00e7\u00e3o de chapa de situa\u00e7\u00e3o para concorrer \u00e0 Prefeitura de Fortaleza. O prefeito Roberto Cl\u00e1udio anunciou o presidente da Assembleia Legislativa do Cear\u00e1, Jos\u00e9 Sarto (PDT), como candidato governista a prefeito. O vice na chapa ser\u00e1 Elcio Batista (PSB), uma indica\u00e7\u00e3o do governador Camilo Santana. Elcio era secret\u00e1rio da Casa Civil do Governo do Cear\u00e1. Jos\u00e9 Sarto era o nome com maior experi\u00eancia administrativa entre os cinco pr\u00e9 candidatos apontados pelo PDT. A carreira&hellip;<\/p>\n","protected":false},"author":1,"featured_media":18245,"comment_status":"open","ping_status":"open","sticky":false,"template":"","format":"standard","meta":{"footnotes":""},"categories":[1],"tags":[],"class_list":["post-18244","post","type-post","status-publish","format-standard","has-post-thumbnail","hentry","category-noticias"],"_links":{"self":[{"href":"https:\/\/blogdorogeriogomes.com.br\/noticias\/wp-json\/wp\/v2\/posts\/18244","targetHints":{"allow":["GET"]}}],"collection":[{"href":"https:\/\/blogdorogeriogomes.com.br\/noticias\/wp-json\/wp\/v2\/posts"}],"about":[{"href":"https:\/\/blogdorogeriogomes.com.br\/noticias\/wp-json\/wp\/v2\/types\/post"}],"author":[{"embeddable":true,"href":"https:\/\/blogdorogeriogomes.com.br\/noticias\/wp-json\/wp\/v2\/users\/1"}],"replies":[{"embeddable":true,"href":"https:\/\/blogdorogeriogomes.com.br\/noticias\/wp-json\/wp\/v2\/comments?post=18244"}],"version-history":[{"count":1,"href":"https:\/\/blogdorogeriogomes.com.br\/noticias\/wp-json\/wp\/v2\/posts\/18244\/revisions"}],"predecessor-version":[{"id":18246,"href":"https:\/\/blogdorogeriogomes.com.br\/noticias\/wp-json\/wp\/v2\/posts\/18244\/revisions\/18246"}],"wp:featuredmedia":[{"embeddable":true,"href":"https:\/\/blogdorogeriogomes.com.br\/noticias\/wp-json\/wp\/v2\/media\/18245"}],"wp:attachment":[{"href":"https:\/\/blogdorogeriogomes.com.br\/noticias\/wp-json\/wp\/v2\/media?parent=18244"}],"wp:term":[{"taxonomy":"category","embeddable":true,"href":"https:\/\/blogdorogeriogomes.com.br\/noticias\/wp-json\/wp\/v2\/categories?post=18244"},{"taxonomy":"post_tag","embeddable":true,"href":"https:\/\/blogdorogeriogomes.com.br\/noticias\/wp-json\/wp\/v2\/tags?post=18244"}],"curies":[{"name":"wp","href":"https:\/\/api.w.org\/{rel}","templated":true}]}}