{"id":18247,"date":"2020-09-11T09:13:05","date_gmt":"2020-09-11T09:13:05","guid":{"rendered":"https:\/\/blogdorogeriogomes.com.br\/?p=18247"},"modified":"2020-09-14T10:51:43","modified_gmt":"2020-09-14T10:51:43","slug":"governo-do-ceara-reforca-que-numeros-da-covid-19-no-estado-continuam-em-queda","status":"publish","type":"post","link":"https:\/\/blogdorogeriogomes.com.br\/noticias\/2020\/09\/governo-do-ceara-reforca-que-numeros-da-covid-19-no-estado-continuam-em-queda\/","title":{"rendered":"Governo do Cear\u00e1 refor\u00e7a que n\u00fameros da Covid-19 no Estado continuam em queda"},"content":{"rendered":"\n<p>O governador do Cear\u00e1, Camilo Santana, e o secret\u00e1rio de Sa\u00fade do Estado, Dr. Cabeto, se manifestaram nesta quinta-feira, dia 10 de setembro, sobre os n\u00fameros divulgados pelo Cons\u00f3rcio de Imprensa que mostravam aumento nos casos da Covid-19 no Cear\u00e1. Eles explicaram que a informa\u00e7\u00e3o de crescimento do n\u00famero de \u00f3bitos na Capital e no interior decorrentes do coronav\u00edrus n\u00e3o procede.<\/p>\n\n\n\n<p>Os dados analisados s\u00e3o de mortes ocorridas h\u00e1 semanas e com a causa confirmada nesses \u00faltimos dias. A informa\u00e7\u00e3o foi dada durante pronunciamento oficial do Chefe do Executivo nas redes sociais.<\/p>\n\n\n\n<p>Em novo boletim epidemiol\u00f3gico,&nbsp;divulgado nesta quinta-feira, a Secretaria da Sa\u00fade do Cear\u00e1 (Sesa) mostra que h\u00e1 uma tend\u00eancia de queda nos casos e \u00f3bitos por Covid-19 na Capital e no Interior entre o in\u00edcio de agosto e o in\u00edcio deste m\u00eas. <\/p>\n\n\n\n<p>Entre os dias 2 e 15 de agosto e os dias 16 e 29 e agosto, a \u00c1rea Descentralizada de Sa\u00fade (ADS) de Fortaleza teve uma redu\u00e7\u00e3o de  menos 21,3% nos casos da doen\u00e7a. Com rela\u00e7\u00e3o aos \u00f3bitos, no primeiro per\u00edodo de agosto, o boletim mostra 47 \u00f3bitos na ADS de Fortaleza, enquanto o segundo per\u00edodo registra 32. \u00c9 uma redu\u00e7\u00e3o de menos 31,9%.&nbsp;&nbsp;<\/p>\n\n\n\n<p>O Estado tem 179 (97,3%) munic\u00edpios com confirma\u00e7\u00e3o de \u00f3bitos por Covid-19, sem acr\u00e9scimo relativamente ao \u00faltimo boletim semanal da Sesa.&nbsp;O Cear\u00e1 tem 224.847 casos confirmados e 8.657 mortes por coronav\u00edrus.<\/p>\n\n\n\n<figure class=\"wp-block-image size-large\"><img loading=\"lazy\" decoding=\"async\" width=\"512\" height=\"340\" src=\"https:\/\/blogdorogeriogomes.com.br\/wp-content\/uploads\/2020\/09\/unnamed.jpg\" alt=\"\" class=\"wp-image-18248\" srcset=\"https:\/\/blogdorogeriogomes.com.br\/noticias\/wp-content\/uploads\/2020\/09\/unnamed.jpg 512w, https:\/\/blogdorogeriogomes.com.br\/noticias\/wp-content\/uploads\/2020\/09\/unnamed-300x199.jpg 300w\" sizes=\"auto, (max-width: 512px) 100vw, 512px\" \/><\/figure>\n","protected":false},"excerpt":{"rendered":"<p>O governador do Cear\u00e1, Camilo Santana, e o secret\u00e1rio de Sa\u00fade do Estado, Dr. Cabeto, se manifestaram nesta quinta-feira, dia 10 de setembro, sobre os n\u00fameros divulgados pelo Cons\u00f3rcio de Imprensa que mostravam aumento nos casos da Covid-19 no Cear\u00e1. Eles explicaram que a informa\u00e7\u00e3o de crescimento do n\u00famero de \u00f3bitos na Capital e no interior decorrentes do coronav\u00edrus n\u00e3o procede. Os dados analisados s\u00e3o de mortes ocorridas h\u00e1 semanas e com a causa confirmada nesses \u00faltimos dias. A&hellip;<\/p>\n","protected":false},"author":1,"featured_media":18248,"comment_status":"open","ping_status":"open","sticky":false,"template":"","format":"standard","meta":{"footnotes":""},"categories":[1],"tags":[],"class_list":["post-18247","post","type-post","status-publish","format-standard","has-post-thumbnail","hentry","category-noticias"],"_links":{"self":[{"href":"https:\/\/blogdorogeriogomes.com.br\/noticias\/wp-json\/wp\/v2\/posts\/18247","targetHints":{"allow":["GET"]}}],"collection":[{"href":"https:\/\/blogdorogeriogomes.com.br\/noticias\/wp-json\/wp\/v2\/posts"}],"about":[{"href":"https:\/\/blogdorogeriogomes.com.br\/noticias\/wp-json\/wp\/v2\/types\/post"}],"author":[{"embeddable":true,"href":"https:\/\/blogdorogeriogomes.com.br\/noticias\/wp-json\/wp\/v2\/users\/1"}],"replies":[{"embeddable":true,"href":"https:\/\/blogdorogeriogomes.com.br\/noticias\/wp-json\/wp\/v2\/comments?post=18247"}],"version-history":[{"count":2,"href":"https:\/\/blogdorogeriogomes.com.br\/noticias\/wp-json\/wp\/v2\/posts\/18247\/revisions"}],"predecessor-version":[{"id":18270,"href":"https:\/\/blogdorogeriogomes.com.br\/noticias\/wp-json\/wp\/v2\/posts\/18247\/revisions\/18270"}],"wp:featuredmedia":[{"embeddable":true,"href":"https:\/\/blogdorogeriogomes.com.br\/noticias\/wp-json\/wp\/v2\/media\/18248"}],"wp:attachment":[{"href":"https:\/\/blogdorogeriogomes.com.br\/noticias\/wp-json\/wp\/v2\/media?parent=18247"}],"wp:term":[{"taxonomy":"category","embeddable":true,"href":"https:\/\/blogdorogeriogomes.com.br\/noticias\/wp-json\/wp\/v2\/categories?post=18247"},{"taxonomy":"post_tag","embeddable":true,"href":"https:\/\/blogdorogeriogomes.com.br\/noticias\/wp-json\/wp\/v2\/tags?post=18247"}],"curies":[{"name":"wp","href":"https:\/\/api.w.org\/{rel}","templated":true}]}}