{"id":18253,"date":"2020-09-11T20:41:57","date_gmt":"2020-09-11T20:41:57","guid":{"rendered":"https:\/\/blogdorogeriogomes.com.br\/?p=18253"},"modified":"2020-09-14T10:50:48","modified_gmt":"2020-09-14T10:50:48","slug":"eventos-sociais-com-ate-100-pessoas-estao-autorizados-a-partir-da-proxima-segunda-feira-em-fortaleza","status":"publish","type":"post","link":"https:\/\/blogdorogeriogomes.com.br\/noticias\/2020\/09\/eventos-sociais-com-ate-100-pessoas-estao-autorizados-a-partir-da-proxima-segunda-feira-em-fortaleza\/","title":{"rendered":"Eventos sociais com at\u00e9 100 pessoas est\u00e3o autorizados a partir da pr\u00f3xima segunda-feira em Fortaleza"},"content":{"rendered":"\n<p>A partir da pr\u00f3xima segunda-feira, dia 14 de setembro, passa a vigorar um novo decreto governamental com determina\u00e7\u00f5es do plano de reabertura econ\u00f4mica no Cear\u00e1. Entre as novas medidas est\u00e1 a autoriza\u00e7\u00e3o para a realiza\u00e7\u00e3o de eventos com at\u00e9 100 pessoas, mas seguindo todos os protocolos sanit\u00e1rios. Tamb\u00e9m fica definido que a Macrorregi\u00e3o do Cariri entra na quarta fase no Plano de Retomada Respons\u00e1vel das Atividades Econ\u00f4micas e Comportamentais. Assim, todas as macrorregi\u00f5es do Estado estar\u00e3o na quarta fase, o que confirma a tend\u00eancia de queda no n\u00famero de casos e mortes por Covid-19.<\/p>\n\n\n\n<p>\u201cQuanto aos setores que ainda n\u00e3o retornaram, como as escolas com aulas presenciais, ficou definido que ser\u00e3o realizadas reuni\u00f5es a partir do come\u00e7o da semana para nova avalia\u00e7\u00e3o do cen\u00e1rio e protocolos, de forma a haver uma defini\u00e7\u00e3o de quando dever\u00e1 ocorrer esse retorno. Relat\u00f3rios de nossas equipes de sa\u00fade apontam queda cont\u00ednua de casos e \u00f3bitos no Cear\u00e1, mas n\u00e3o podemos relaxar, para que n\u00e3o haja aumento dos indicadores. O alerta continua\u201d, ressaltou o governador do Cear\u00e1, Camilo Santana, ap\u00f3s reuni\u00e3o com o comit\u00ea de enfrentamento \u00e0 pandemia, no fim da tarde desta sexta-feira, dia 11 de setembro.<\/p>\n\n\n\n<figure class=\"wp-block-image size-large\"><img loading=\"lazy\" decoding=\"async\" width=\"1024\" height=\"768\" src=\"https:\/\/blogdorogeriogomes.com.br\/wp-content\/uploads\/2020\/09\/119005305_2818962568336318_325775171189525052_o-1200x900-1-1024x768.jpg\" alt=\"\" class=\"wp-image-18254\" srcset=\"https:\/\/blogdorogeriogomes.com.br\/noticias\/wp-content\/uploads\/2020\/09\/119005305_2818962568336318_325775171189525052_o-1200x900-1-1024x768.jpg 1024w, https:\/\/blogdorogeriogomes.com.br\/noticias\/wp-content\/uploads\/2020\/09\/119005305_2818962568336318_325775171189525052_o-1200x900-1-300x225.jpg 300w, https:\/\/blogdorogeriogomes.com.br\/noticias\/wp-content\/uploads\/2020\/09\/119005305_2818962568336318_325775171189525052_o-1200x900-1-768x576.jpg 768w, https:\/\/blogdorogeriogomes.com.br\/noticias\/wp-content\/uploads\/2020\/09\/119005305_2818962568336318_325775171189525052_o-1200x900-1-800x600.jpg 800w, https:\/\/blogdorogeriogomes.com.br\/noticias\/wp-content\/uploads\/2020\/09\/119005305_2818962568336318_325775171189525052_o-1200x900-1-400x300.jpg 400w, https:\/\/blogdorogeriogomes.com.br\/noticias\/wp-content\/uploads\/2020\/09\/119005305_2818962568336318_325775171189525052_o-1200x900-1.jpg 1200w\" sizes=\"auto, (max-width: 1024px) 100vw, 1024px\" \/><\/figure>\n","protected":false},"excerpt":{"rendered":"<p>A partir da pr\u00f3xima segunda-feira, dia 14 de setembro, passa a vigorar um novo decreto governamental com determina\u00e7\u00f5es do plano de reabertura econ\u00f4mica no Cear\u00e1. Entre as novas medidas est\u00e1 a autoriza\u00e7\u00e3o para a realiza\u00e7\u00e3o de eventos com at\u00e9 100 pessoas, mas seguindo todos os protocolos sanit\u00e1rios. Tamb\u00e9m fica definido que a Macrorregi\u00e3o do Cariri entra na quarta fase no Plano de Retomada Respons\u00e1vel das Atividades Econ\u00f4micas e Comportamentais. Assim, todas as macrorregi\u00f5es do Estado estar\u00e3o na quarta fase,&hellip;<\/p>\n","protected":false},"author":1,"featured_media":18254,"comment_status":"open","ping_status":"open","sticky":false,"template":"","format":"standard","meta":{"footnotes":""},"categories":[1],"tags":[],"class_list":["post-18253","post","type-post","status-publish","format-standard","has-post-thumbnail","hentry","category-noticias"],"_links":{"self":[{"href":"https:\/\/blogdorogeriogomes.com.br\/noticias\/wp-json\/wp\/v2\/posts\/18253","targetHints":{"allow":["GET"]}}],"collection":[{"href":"https:\/\/blogdorogeriogomes.com.br\/noticias\/wp-json\/wp\/v2\/posts"}],"about":[{"href":"https:\/\/blogdorogeriogomes.com.br\/noticias\/wp-json\/wp\/v2\/types\/post"}],"author":[{"embeddable":true,"href":"https:\/\/blogdorogeriogomes.com.br\/noticias\/wp-json\/wp\/v2\/users\/1"}],"replies":[{"embeddable":true,"href":"https:\/\/blogdorogeriogomes.com.br\/noticias\/wp-json\/wp\/v2\/comments?post=18253"}],"version-history":[{"count":1,"href":"https:\/\/blogdorogeriogomes.com.br\/noticias\/wp-json\/wp\/v2\/posts\/18253\/revisions"}],"predecessor-version":[{"id":18255,"href":"https:\/\/blogdorogeriogomes.com.br\/noticias\/wp-json\/wp\/v2\/posts\/18253\/revisions\/18255"}],"wp:featuredmedia":[{"embeddable":true,"href":"https:\/\/blogdorogeriogomes.com.br\/noticias\/wp-json\/wp\/v2\/media\/18254"}],"wp:attachment":[{"href":"https:\/\/blogdorogeriogomes.com.br\/noticias\/wp-json\/wp\/v2\/media?parent=18253"}],"wp:term":[{"taxonomy":"category","embeddable":true,"href":"https:\/\/blogdorogeriogomes.com.br\/noticias\/wp-json\/wp\/v2\/categories?post=18253"},{"taxonomy":"post_tag","embeddable":true,"href":"https:\/\/blogdorogeriogomes.com.br\/noticias\/wp-json\/wp\/v2\/tags?post=18253"}],"curies":[{"name":"wp","href":"https:\/\/api.w.org\/{rel}","templated":true}]}}