{"id":18256,"date":"2020-09-12T13:54:17","date_gmt":"2020-09-12T13:54:17","guid":{"rendered":"https:\/\/blogdorogeriogomes.com.br\/?p=18256"},"modified":"2020-09-14T10:50:22","modified_gmt":"2020-09-14T10:50:22","slug":"pdt-e-psdb-fecham-parceria-em-sobral-e-sinalizam-uma-possibilidade-de-acordo-para-candidatura-em-fortaleza","status":"publish","type":"post","link":"https:\/\/blogdorogeriogomes.com.br\/noticias\/2020\/09\/pdt-e-psdb-fecham-parceria-em-sobral-e-sinalizam-uma-possibilidade-de-acordo-para-candidatura-em-fortaleza\/","title":{"rendered":"PDT e PSDB fecham parceria em Sobral e sinalizam uma possibilidade de acordo para candidatura em Fortaleza"},"content":{"rendered":"\n<p>O PDT lan\u00e7ou a candidatura do atual prefeito de Sobral, Ivo Gomes, \u00e0 reelei\u00e7\u00e3o nesta sexta-feira, dia 11 de setembro. O arco de alian\u00e7a na cidade da Zona Norte do Cear\u00e1 \u00e9 amplo. Re\u00fane PSB,&nbsp;PL,&nbsp;PP, PTB, CIDADANIA,&nbsp;PSDB,&nbsp;DEM,&nbsp;PSD e&nbsp;PC do B.&nbsp;A vice de Ivo ser\u00e1 Christianne Coelho, do PT. Mas o que chamou a aten\u00e7\u00e3o na alian\u00e7a foi a presen\u00e7a do PSDB, que n\u00e3o se unia aos Ferreira Gomes desde 2008.<\/p>\n\n\n\n<p>O senador Tasso Jereissati (PSDB) fez um pronunciamento virtual no lan\u00e7amento da chapa de situa\u00e7\u00e3o em Sobral, fez elogio aos Ferreira Gomes e elogiou as \u00faltimas administra\u00e7\u00f5es no munic\u00edpio. O governador Camilo Santana (PT) tamb\u00e9m gravou uma participa\u00e7\u00e3o na conven\u00e7\u00e3o.<\/p>\n\n\n\n<p>A reaproxima\u00e7\u00e3o de Tasso com Ciro e Cid Gomes refor\u00e7a a expectativa de que o PSDB tamb\u00e9m pode vir a compor a alian\u00e7a em Fortaleza em torno da da candidatura de Jos\u00e9 Sarto (PDT) \u00e0 Prefeitura de Fortaleza. Os tucanos t\u00eam como pr\u00e9 candidato o ex-deputado estadual Carlos Matos, mas h\u00e1 setores do partido que defendem a aproxima\u00e7\u00e3o com o candidato do atual prefeito Roberto Cl\u00e1udio.<\/p>\n\n\n\n<figure class=\"wp-block-image size-large\"><img loading=\"lazy\" decoding=\"async\" width=\"678\" height=\"452\" src=\"https:\/\/blogdorogeriogomes.com.br\/wp-content\/uploads\/2020\/09\/images-4-1.jpeg\" alt=\"\" class=\"wp-image-18257\" srcset=\"https:\/\/blogdorogeriogomes.com.br\/noticias\/wp-content\/uploads\/2020\/09\/images-4-1.jpeg 678w, https:\/\/blogdorogeriogomes.com.br\/noticias\/wp-content\/uploads\/2020\/09\/images-4-1-300x200.jpeg 300w\" sizes=\"auto, (max-width: 678px) 100vw, 678px\" \/><\/figure>\n\n\n\n<p><\/p>\n","protected":false},"excerpt":{"rendered":"<p>O PDT lan\u00e7ou a candidatura do atual prefeito de Sobral, Ivo Gomes, \u00e0 reelei\u00e7\u00e3o nesta sexta-feira, dia 11 de setembro. O arco de alian\u00e7a na cidade da Zona Norte do Cear\u00e1 \u00e9 amplo. Re\u00fane PSB,&nbsp;PL,&nbsp;PP, PTB, CIDADANIA,&nbsp;PSDB,&nbsp;DEM,&nbsp;PSD e&nbsp;PC do B.&nbsp;A vice de Ivo ser\u00e1 Christianne Coelho, do PT. Mas o que chamou a aten\u00e7\u00e3o na alian\u00e7a foi a presen\u00e7a do PSDB, que n\u00e3o se unia aos Ferreira Gomes desde 2008. O senador Tasso Jereissati (PSDB) fez um pronunciamento virtual&hellip;<\/p>\n","protected":false},"author":1,"featured_media":18257,"comment_status":"open","ping_status":"open","sticky":false,"template":"","format":"standard","meta":{"footnotes":""},"categories":[1],"tags":[],"class_list":["post-18256","post","type-post","status-publish","format-standard","has-post-thumbnail","hentry","category-noticias"],"_links":{"self":[{"href":"https:\/\/blogdorogeriogomes.com.br\/noticias\/wp-json\/wp\/v2\/posts\/18256","targetHints":{"allow":["GET"]}}],"collection":[{"href":"https:\/\/blogdorogeriogomes.com.br\/noticias\/wp-json\/wp\/v2\/posts"}],"about":[{"href":"https:\/\/blogdorogeriogomes.com.br\/noticias\/wp-json\/wp\/v2\/types\/post"}],"author":[{"embeddable":true,"href":"https:\/\/blogdorogeriogomes.com.br\/noticias\/wp-json\/wp\/v2\/users\/1"}],"replies":[{"embeddable":true,"href":"https:\/\/blogdorogeriogomes.com.br\/noticias\/wp-json\/wp\/v2\/comments?post=18256"}],"version-history":[{"count":2,"href":"https:\/\/blogdorogeriogomes.com.br\/noticias\/wp-json\/wp\/v2\/posts\/18256\/revisions"}],"predecessor-version":[{"id":18269,"href":"https:\/\/blogdorogeriogomes.com.br\/noticias\/wp-json\/wp\/v2\/posts\/18256\/revisions\/18269"}],"wp:featuredmedia":[{"embeddable":true,"href":"https:\/\/blogdorogeriogomes.com.br\/noticias\/wp-json\/wp\/v2\/media\/18257"}],"wp:attachment":[{"href":"https:\/\/blogdorogeriogomes.com.br\/noticias\/wp-json\/wp\/v2\/media?parent=18256"}],"wp:term":[{"taxonomy":"category","embeddable":true,"href":"https:\/\/blogdorogeriogomes.com.br\/noticias\/wp-json\/wp\/v2\/categories?post=18256"},{"taxonomy":"post_tag","embeddable":true,"href":"https:\/\/blogdorogeriogomes.com.br\/noticias\/wp-json\/wp\/v2\/tags?post=18256"}],"curies":[{"name":"wp","href":"https:\/\/api.w.org\/{rel}","templated":true}]}}