{"id":18259,"date":"2020-09-12T14:23:47","date_gmt":"2020-09-12T14:23:47","guid":{"rendered":"https:\/\/blogdorogeriogomes.com.br\/?p=18259"},"modified":"2020-09-14T10:49:58","modified_gmt":"2020-09-14T10:49:58","slug":"planalto-se-articula-com-o-centrao-para-evitar-aumento-do-auxilio-emergencial-no-congresso","status":"publish","type":"post","link":"https:\/\/blogdorogeriogomes.com.br\/noticias\/2020\/09\/planalto-se-articula-com-o-centrao-para-evitar-aumento-do-auxilio-emergencial-no-congresso\/","title":{"rendered":"Planalto se articula com o Centr\u00e3o para evitar aumento do aux\u00edlio emergencial no Congresso"},"content":{"rendered":"\n<p>Parlamentares de oposi\u00e7\u00e3o defendem no Congresso Nacional que a amplia\u00e7\u00e3o do pagamento do aux\u00edlio emergencial at\u00e9 o fim do ano mantenha o valor de R$ 600 reais. O presidente Jair Bolsonaro e o ministro da Economia, Paulo Guedes, fecharam o valor em R$ 300 reais. Dizem que o Governo Federal n\u00e3o tem &#8220;caixa&#8221; suficiente para manter o benef\u00edcio em R$ 600 reais. No entanto, o embate no Congresso n\u00e3o promete ser f\u00e1cil. Cabe ao Poder Legislativo votar o valor a ser pago.<\/p>\n\n\n\n<p>Bolsonaro j\u00e1 mandou indiretas ao presidente da C\u00e2mara, Rodrigo Maia, que n\u00e3o vai aceitar altera\u00e7\u00e3o no valor do aux\u00edlio como ocorreu no in\u00edcio da pandemia. Paulo Guedes chegou a propor um valor de R$ 200 reais, mas o Congresso interveio e o aux\u00edlio chegou a R$ 600 reais.<\/p>\n\n\n\n<p>O presidente da C\u00e2mara dos Deputados afirmou durante a semana que 82% das suas redes sociais s\u00e3o favor\u00e1veis \u00e0 manuten\u00e7\u00e3o dos R$ 600 reais, afirma\u00e7\u00e3o que teve o apoio de deputados da base aliada. Para evitar que o valor seja alterado pelo Congresso, o Planalto realizar\u00e1 monitoramento nas redes sociais de parlamentares governistas, em especial os do Centr\u00e3o. A press\u00e3o \u00e9 por manter o valor proposto pelo Governo, que reduz o atual valor em 50%.<\/p>\n\n\n\n<figure class=\"wp-block-image size-large\"><img loading=\"lazy\" decoding=\"async\" width=\"666\" height=\"375\" src=\"https:\/\/blogdorogeriogomes.com.br\/wp-content\/uploads\/2020\/09\/images-5-1.jpeg\" alt=\"\" class=\"wp-image-18260\" srcset=\"https:\/\/blogdorogeriogomes.com.br\/noticias\/wp-content\/uploads\/2020\/09\/images-5-1.jpeg 666w, https:\/\/blogdorogeriogomes.com.br\/noticias\/wp-content\/uploads\/2020\/09\/images-5-1-300x169.jpeg 300w\" sizes=\"auto, (max-width: 666px) 100vw, 666px\" \/><\/figure>\n","protected":false},"excerpt":{"rendered":"<p>Parlamentares de oposi\u00e7\u00e3o defendem no Congresso Nacional que a amplia\u00e7\u00e3o do pagamento do aux\u00edlio emergencial at\u00e9 o fim do ano mantenha o valor de R$ 600 reais. O presidente Jair Bolsonaro e o ministro da Economia, Paulo Guedes, fecharam o valor em R$ 300 reais. Dizem que o Governo Federal n\u00e3o tem &#8220;caixa&#8221; suficiente para manter o benef\u00edcio em R$ 600 reais. No entanto, o embate no Congresso n\u00e3o promete ser f\u00e1cil. Cabe ao Poder Legislativo votar o valor&hellip;<\/p>\n","protected":false},"author":1,"featured_media":18260,"comment_status":"open","ping_status":"open","sticky":false,"template":"","format":"standard","meta":{"footnotes":""},"categories":[1],"tags":[],"class_list":["post-18259","post","type-post","status-publish","format-standard","has-post-thumbnail","hentry","category-noticias"],"_links":{"self":[{"href":"https:\/\/blogdorogeriogomes.com.br\/noticias\/wp-json\/wp\/v2\/posts\/18259","targetHints":{"allow":["GET"]}}],"collection":[{"href":"https:\/\/blogdorogeriogomes.com.br\/noticias\/wp-json\/wp\/v2\/posts"}],"about":[{"href":"https:\/\/blogdorogeriogomes.com.br\/noticias\/wp-json\/wp\/v2\/types\/post"}],"author":[{"embeddable":true,"href":"https:\/\/blogdorogeriogomes.com.br\/noticias\/wp-json\/wp\/v2\/users\/1"}],"replies":[{"embeddable":true,"href":"https:\/\/blogdorogeriogomes.com.br\/noticias\/wp-json\/wp\/v2\/comments?post=18259"}],"version-history":[{"count":1,"href":"https:\/\/blogdorogeriogomes.com.br\/noticias\/wp-json\/wp\/v2\/posts\/18259\/revisions"}],"predecessor-version":[{"id":18261,"href":"https:\/\/blogdorogeriogomes.com.br\/noticias\/wp-json\/wp\/v2\/posts\/18259\/revisions\/18261"}],"wp:featuredmedia":[{"embeddable":true,"href":"https:\/\/blogdorogeriogomes.com.br\/noticias\/wp-json\/wp\/v2\/media\/18260"}],"wp:attachment":[{"href":"https:\/\/blogdorogeriogomes.com.br\/noticias\/wp-json\/wp\/v2\/media?parent=18259"}],"wp:term":[{"taxonomy":"category","embeddable":true,"href":"https:\/\/blogdorogeriogomes.com.br\/noticias\/wp-json\/wp\/v2\/categories?post=18259"},{"taxonomy":"post_tag","embeddable":true,"href":"https:\/\/blogdorogeriogomes.com.br\/noticias\/wp-json\/wp\/v2\/tags?post=18259"}],"curies":[{"name":"wp","href":"https:\/\/api.w.org\/{rel}","templated":true}]}}