{"id":18272,"date":"2020-09-14T15:36:22","date_gmt":"2020-09-14T15:36:22","guid":{"rendered":"https:\/\/blogdorogeriogomes.com.br\/?p=18272"},"modified":"2020-09-15T11:37:38","modified_gmt":"2020-09-15T11:37:38","slug":"policlinica-do-passare-e-entregue-a-populacao-com-capacidade-de-atendimento-de-oito-mil-consultas-e-tres-mil-exames-mensais","status":"publish","type":"post","link":"https:\/\/blogdorogeriogomes.com.br\/noticias\/2020\/09\/policlinica-do-passare-e-entregue-a-populacao-com-capacidade-de-atendimento-de-oito-mil-consultas-e-tres-mil-exames-mensais\/","title":{"rendered":"Policl\u00ednica do Passare \u00e9 entregue \u00e0 popula\u00e7\u00e3o com capacidade de atendimento de oito mil consultas e tr\u00eas mil exames mensais"},"content":{"rendered":"\n<p>A nova Policl\u00ednica Dr. Luiz Carlos Fontenele, no bairro Passar\u00e9, em Fortaleza, foi entregue \u00e0 popula\u00e7\u00e3o nesta segunda-feira, dia 14 de setembro, em solenidade que contou com a presen\u00e7a do prefeito de Fortaleza, Roberto Cl\u00e1udio, e o governador do Cear\u00e1, Camilo Santana. A unidade ofertar\u00e1 consultas e exames especializados para a popula\u00e7\u00e3o, ampliando o atendimento da Rede de Aten\u00e7\u00e3o Especializada, com capacidade para cerca de oito mil consultas m\u00e9dicas e cerca de tr\u00eas mil exames mensais.<\/p>\n\n\n\n<p>A policl\u00ednica atender\u00e1 o p\u00fablico adulto e pedi\u00e1trico, em 18 especialidades m\u00e9dicas nas \u00e1reas de cardiologia, endocrinologia, alergologia, acupuntura, obstetr\u00edcia, neurologia, dermatologia, nefrologia, infectologia, gastroenterologia, angiologia, oftalmologia, otorrinolaringologia, pneumologia. Al\u00e9m disso, ofertar\u00e1 tratamento a pacientes hipertensos e diab\u00e9ticos e na linha do cuidado ao pr\u00e9-natal de alto risco com a assist\u00eancia integrada de equipes multidisciplinares.<\/p>\n\n\n\n<p>A policl\u00ednica tamb\u00e9m contar\u00e1 com o Servi\u00e7o Ambulatorial Especializado (SAE) para pessoas que vivem com IST\/AIDS\/hepatites virais e um Centro Especializado em Reabilita\u00e7\u00e3o F\u00edsica e Auditiva do Tipo II. Contar\u00e1 ainda com um centro cir\u00fargico destinado a pequenos procedimentos de baixa complexidade, possibilitando a descentraliza\u00e7\u00e3o e regionaliza\u00e7\u00e3o do atendimento \u00e0 popula\u00e7\u00e3o nos seus territ\u00f3rios.<\/p>\n\n\n\n<p>Na unidade, tamb\u00e9m ser\u00e3o ofertados exames de tomografia computadorizada, ultrassonografia, endoscopia, mamografia, densitometria \u00f3ssea, laringoscopia, eletrocardiografia, eletroencefalografia, ecocardiografia, radiologia, holter, mapa, audiometria, mapeamento de retina, entre outros.<\/p>\n\n\n\n<p>Ocupando uma \u00e1rea de aproximadamente 8500m\u00b2, a policl\u00ednica recebeu investimento de cerca de R$ 28 milh\u00f5es e possui 26 consult\u00f3rios, al\u00e9m de espa\u00e7o para terapias coletivas, sala de espera, audit\u00f3rio para educa\u00e7\u00e3o permanente, refeit\u00f3rio, setor administrativo, banheiros sociais com acessibilidade, al\u00e9m da sala de observa\u00e7\u00e3o e de recupera\u00e7\u00e3o de procedimentos.<\/p>\n\n\n\n<figure class=\"wp-block-image size-large\"><img loading=\"lazy\" decoding=\"async\" width=\"1024\" height=\"768\" src=\"https:\/\/blogdorogeriogomes.com.br\/wp-content\/uploads\/2020\/09\/IMG-20200914-WA0039-1024x768.jpg\" alt=\"\" class=\"wp-image-18273\" srcset=\"https:\/\/blogdorogeriogomes.com.br\/noticias\/wp-content\/uploads\/2020\/09\/IMG-20200914-WA0039-1024x768.jpg 1024w, https:\/\/blogdorogeriogomes.com.br\/noticias\/wp-content\/uploads\/2020\/09\/IMG-20200914-WA0039-300x225.jpg 300w, https:\/\/blogdorogeriogomes.com.br\/noticias\/wp-content\/uploads\/2020\/09\/IMG-20200914-WA0039-768x576.jpg 768w, https:\/\/blogdorogeriogomes.com.br\/noticias\/wp-content\/uploads\/2020\/09\/IMG-20200914-WA0039-800x600.jpg 800w, https:\/\/blogdorogeriogomes.com.br\/noticias\/wp-content\/uploads\/2020\/09\/IMG-20200914-WA0039-400x300.jpg 400w, https:\/\/blogdorogeriogomes.com.br\/noticias\/wp-content\/uploads\/2020\/09\/IMG-20200914-WA0039.jpg 1280w\" sizes=\"auto, (max-width: 1024px) 100vw, 1024px\" \/><\/figure>\n","protected":false},"excerpt":{"rendered":"<p>A nova Policl\u00ednica Dr. Luiz Carlos Fontenele, no bairro Passar\u00e9, em Fortaleza, foi entregue \u00e0 popula\u00e7\u00e3o nesta segunda-feira, dia 14 de setembro, em solenidade que contou com a presen\u00e7a do prefeito de Fortaleza, Roberto Cl\u00e1udio, e o governador do Cear\u00e1, Camilo Santana. A unidade ofertar\u00e1 consultas e exames especializados para a popula\u00e7\u00e3o, ampliando o atendimento da Rede de Aten\u00e7\u00e3o Especializada, com capacidade para cerca de oito mil consultas m\u00e9dicas e cerca de tr\u00eas mil exames mensais. A policl\u00ednica atender\u00e1&hellip;<\/p>\n","protected":false},"author":1,"featured_media":18273,"comment_status":"open","ping_status":"open","sticky":false,"template":"","format":"standard","meta":{"footnotes":""},"categories":[1],"tags":[],"class_list":["post-18272","post","type-post","status-publish","format-standard","has-post-thumbnail","hentry","category-noticias"],"_links":{"self":[{"href":"https:\/\/blogdorogeriogomes.com.br\/noticias\/wp-json\/wp\/v2\/posts\/18272","targetHints":{"allow":["GET"]}}],"collection":[{"href":"https:\/\/blogdorogeriogomes.com.br\/noticias\/wp-json\/wp\/v2\/posts"}],"about":[{"href":"https:\/\/blogdorogeriogomes.com.br\/noticias\/wp-json\/wp\/v2\/types\/post"}],"author":[{"embeddable":true,"href":"https:\/\/blogdorogeriogomes.com.br\/noticias\/wp-json\/wp\/v2\/users\/1"}],"replies":[{"embeddable":true,"href":"https:\/\/blogdorogeriogomes.com.br\/noticias\/wp-json\/wp\/v2\/comments?post=18272"}],"version-history":[{"count":1,"href":"https:\/\/blogdorogeriogomes.com.br\/noticias\/wp-json\/wp\/v2\/posts\/18272\/revisions"}],"predecessor-version":[{"id":18274,"href":"https:\/\/blogdorogeriogomes.com.br\/noticias\/wp-json\/wp\/v2\/posts\/18272\/revisions\/18274"}],"wp:featuredmedia":[{"embeddable":true,"href":"https:\/\/blogdorogeriogomes.com.br\/noticias\/wp-json\/wp\/v2\/media\/18273"}],"wp:attachment":[{"href":"https:\/\/blogdorogeriogomes.com.br\/noticias\/wp-json\/wp\/v2\/media?parent=18272"}],"wp:term":[{"taxonomy":"category","embeddable":true,"href":"https:\/\/blogdorogeriogomes.com.br\/noticias\/wp-json\/wp\/v2\/categories?post=18272"},{"taxonomy":"post_tag","embeddable":true,"href":"https:\/\/blogdorogeriogomes.com.br\/noticias\/wp-json\/wp\/v2\/tags?post=18272"}],"curies":[{"name":"wp","href":"https:\/\/api.w.org\/{rel}","templated":true}]}}