{"id":18279,"date":"2020-09-15T09:04:13","date_gmt":"2020-09-15T09:04:13","guid":{"rendered":"https:\/\/blogdorogeriogomes.com.br\/?p=18279"},"modified":"2020-09-15T11:37:07","modified_gmt":"2020-09-15T11:37:07","slug":"psdb-e-dem-homologam-em-convencao-o-apoio-a-chapa-sarto-elcio-para-prefeitura-de-fortaleza-nesta-terca-feira","status":"publish","type":"post","link":"https:\/\/blogdorogeriogomes.com.br\/noticias\/2020\/09\/psdb-e-dem-homologam-em-convencao-o-apoio-a-chapa-sarto-elcio-para-prefeitura-de-fortaleza-nesta-terca-feira\/","title":{"rendered":"PSDB e DEM homologam em conven\u00e7\u00e3o o apoio \u00e0 chapa Sarto\/\u00c9lcio para Prefeitura de Fortaleza nesta ter\u00e7a-feira"},"content":{"rendered":"\n<p>O PSDB e DEM confirmam nesta ter\u00e7a-feira, dia 15 de setembro, no Iate Clube Fortaleza, em conven\u00e7\u00e3o conjunta o apoio \u00e0 candidatura \u00e0 Prefeitura de Fortaleza da chapa Jos\u00e9 Sarto (PDT)\/\u00c9lcio Batista (PSB).  Na disputa proporcional, o PSDB lan\u00e7ar\u00e1 chapa com 38 candidatos a vereador e o DEM, com outros 60 candidatos.<\/p>\n\n\n\n<p>A conven\u00e7\u00e3o ter\u00e1 a participa\u00e7\u00e3o dos presidentes dos diret\u00f3rios estaduais do PSDB, Luiz Pontes; do DEM, Chiquinho Feitosa; e dos diret\u00f3rios municipais de ambas as siglas, respectivamente, Carlos Matos e Marc\u00edlio Gomes. O senador Tasso Jereissati vai falar aos convencionais por meio de um v\u00eddeo, uma vez que, por conta da epidemia e por integrar o grupo de risco, tem evitado participa\u00e7\u00e3o em eventos p\u00fablicos.<\/p>\n\n\n\n<figure class=\"wp-block-image size-large\"><img loading=\"lazy\" decoding=\"async\" width=\"1024\" height=\"607\" src=\"https:\/\/blogdorogeriogomes.com.br\/wp-content\/uploads\/2020\/09\/IMG-20200914-WA0099-1024x607.jpg\" alt=\"\" class=\"wp-image-18280\" srcset=\"https:\/\/blogdorogeriogomes.com.br\/noticias\/wp-content\/uploads\/2020\/09\/IMG-20200914-WA0099-1024x607.jpg 1024w, https:\/\/blogdorogeriogomes.com.br\/noticias\/wp-content\/uploads\/2020\/09\/IMG-20200914-WA0099-300x178.jpg 300w, https:\/\/blogdorogeriogomes.com.br\/noticias\/wp-content\/uploads\/2020\/09\/IMG-20200914-WA0099-768x455.jpg 768w, https:\/\/blogdorogeriogomes.com.br\/noticias\/wp-content\/uploads\/2020\/09\/IMG-20200914-WA0099-800x474.jpg 800w, https:\/\/blogdorogeriogomes.com.br\/noticias\/wp-content\/uploads\/2020\/09\/IMG-20200914-WA0099.jpg 1280w\" sizes=\"auto, (max-width: 1024px) 100vw, 1024px\" \/><\/figure>\n\n\n\n<p><\/p>\n\n\n\n<p><\/p>\n\n\n\n<p><\/p>\n","protected":false},"excerpt":{"rendered":"<p>O PSDB e DEM confirmam nesta ter\u00e7a-feira, dia 15 de setembro, no Iate Clube Fortaleza, em conven\u00e7\u00e3o conjunta o apoio \u00e0 candidatura \u00e0 Prefeitura de Fortaleza da chapa Jos\u00e9 Sarto (PDT)\/\u00c9lcio Batista (PSB). Na disputa proporcional, o PSDB lan\u00e7ar\u00e1 chapa com 38 candidatos a vereador e o DEM, com outros 60 candidatos. A conven\u00e7\u00e3o ter\u00e1 a participa\u00e7\u00e3o dos presidentes dos diret\u00f3rios estaduais do PSDB, Luiz Pontes; do DEM, Chiquinho Feitosa; e dos diret\u00f3rios municipais de ambas as siglas, respectivamente,&hellip;<\/p>\n","protected":false},"author":1,"featured_media":18280,"comment_status":"open","ping_status":"open","sticky":false,"template":"","format":"standard","meta":{"footnotes":""},"categories":[1],"tags":[],"class_list":["post-18279","post","type-post","status-publish","format-standard","has-post-thumbnail","hentry","category-noticias"],"_links":{"self":[{"href":"https:\/\/blogdorogeriogomes.com.br\/noticias\/wp-json\/wp\/v2\/posts\/18279","targetHints":{"allow":["GET"]}}],"collection":[{"href":"https:\/\/blogdorogeriogomes.com.br\/noticias\/wp-json\/wp\/v2\/posts"}],"about":[{"href":"https:\/\/blogdorogeriogomes.com.br\/noticias\/wp-json\/wp\/v2\/types\/post"}],"author":[{"embeddable":true,"href":"https:\/\/blogdorogeriogomes.com.br\/noticias\/wp-json\/wp\/v2\/users\/1"}],"replies":[{"embeddable":true,"href":"https:\/\/blogdorogeriogomes.com.br\/noticias\/wp-json\/wp\/v2\/comments?post=18279"}],"version-history":[{"count":2,"href":"https:\/\/blogdorogeriogomes.com.br\/noticias\/wp-json\/wp\/v2\/posts\/18279\/revisions"}],"predecessor-version":[{"id":18282,"href":"https:\/\/blogdorogeriogomes.com.br\/noticias\/wp-json\/wp\/v2\/posts\/18279\/revisions\/18282"}],"wp:featuredmedia":[{"embeddable":true,"href":"https:\/\/blogdorogeriogomes.com.br\/noticias\/wp-json\/wp\/v2\/media\/18280"}],"wp:attachment":[{"href":"https:\/\/blogdorogeriogomes.com.br\/noticias\/wp-json\/wp\/v2\/media?parent=18279"}],"wp:term":[{"taxonomy":"category","embeddable":true,"href":"https:\/\/blogdorogeriogomes.com.br\/noticias\/wp-json\/wp\/v2\/categories?post=18279"},{"taxonomy":"post_tag","embeddable":true,"href":"https:\/\/blogdorogeriogomes.com.br\/noticias\/wp-json\/wp\/v2\/tags?post=18279"}],"curies":[{"name":"wp","href":"https:\/\/api.w.org\/{rel}","templated":true}]}}