{"id":18287,"date":"2020-09-15T18:51:47","date_gmt":"2020-09-15T18:51:47","guid":{"rendered":"https:\/\/blogdorogeriogomes.com.br\/?p=18287"},"modified":"2020-09-16T11:26:14","modified_gmt":"2020-09-16T11:26:14","slug":"bolsonaro-diz-ter-desistido-de-criar-o-renda-brasil-e-dispara-contra-equipe-economica-por-nao-conseguir-viabilizar-recursos-para-o-novo-programa","status":"publish","type":"post","link":"https:\/\/blogdorogeriogomes.com.br\/noticias\/2020\/09\/bolsonaro-diz-ter-desistido-de-criar-o-renda-brasil-e-dispara-contra-equipe-economica-por-nao-conseguir-viabilizar-recursos-para-o-novo-programa\/","title":{"rendered":"Bolsonaro diz ter desistido de criar o Renda Brasil e dispara contra equipe econ\u00f4mica por n\u00e3o conseguir viabilizar recursos para o novo programa"},"content":{"rendered":"\n<p>O presidente Jair Bolsonaro tinha dado a miss\u00e3o ao ministro da Economia, Paulo Guedes, e \u00e0 sua equipe de buscar recursos que viabilizassem a cria\u00e7\u00e3o do programa Renda Brasil. Seria um substituto do atual Bolsa Fam\u00edlia, criado ainda no governo do PT. Guedes bem que tentou, no entanto, s\u00f3 conseguiu arranjar dinheiro acabando com outros programas sociais. A \u00faltima ideia ventilada foi congelar aposentadorias e reduzir aux\u00edlio para idosos e pessoas com defici\u00eancia para criar o novo programa social.&nbsp;<\/p>\n\n\n\n<p>Nesta ter\u00e7a-feira, dia 15 de setembro, a paci\u00eancia de Bolsonaro parece ter se esgotado com a equipe econ\u00f4mica. Ele anunciou pelas redes sociais que o programa batizado de Renda Brasil n\u00e3o ser\u00e1 criado e o Bolsa Fam\u00edlia ser\u00e1 mantido.<\/p>\n\n\n\n<p>\u00c9 claro, que os bons resultados de aceita\u00e7\u00e3o popular provocados pelo pagamento do aux\u00edlio emergencial durante a pandemia da Covid-19 n\u00e3o v\u00e3o fazer que Bolsonaro esque\u00e7a de tentar &#8220;turbinar&#8221; o atual Bolsa Fam\u00edlia. Afinal, ele j\u00e1 entendeu que para pensar em reelei\u00e7\u00e3o em 2022, ter\u00e1 que ter algum programa social de renda b\u00e1sica para se escorar. Para desespero de Paulo Guedes que desejava caminhar em outra dire\u00e7\u00e3o. A amea\u00e7a de &#8220;cart\u00e3o vermelho&#8221; que o presidente Bolsonaro fez hoje n\u00e3o foi o primeiro choque com membros da equipe econ\u00f4mica.<\/p>\n\n\n\n<figure class=\"wp-block-image size-large\"><img loading=\"lazy\" decoding=\"async\" width=\"678\" height=\"452\" src=\"https:\/\/blogdorogeriogomes.com.br\/wp-content\/uploads\/2020\/09\/images-14.jpeg\" alt=\"\" class=\"wp-image-18288\" srcset=\"https:\/\/blogdorogeriogomes.com.br\/noticias\/wp-content\/uploads\/2020\/09\/images-14.jpeg 678w, https:\/\/blogdorogeriogomes.com.br\/noticias\/wp-content\/uploads\/2020\/09\/images-14-300x200.jpeg 300w\" sizes=\"auto, (max-width: 678px) 100vw, 678px\" \/><\/figure>\n","protected":false},"excerpt":{"rendered":"<p>O presidente Jair Bolsonaro tinha dado a miss\u00e3o ao ministro da Economia, Paulo Guedes, e \u00e0 sua equipe de buscar recursos que viabilizassem a cria\u00e7\u00e3o do programa Renda Brasil. Seria um substituto do atual Bolsa Fam\u00edlia, criado ainda no governo do PT. Guedes bem que tentou, no entanto, s\u00f3 conseguiu arranjar dinheiro acabando com outros programas sociais. A \u00faltima ideia ventilada foi congelar aposentadorias e reduzir aux\u00edlio para idosos e pessoas com defici\u00eancia para criar o novo programa social.&nbsp;&hellip;<\/p>\n","protected":false},"author":1,"featured_media":18288,"comment_status":"open","ping_status":"open","sticky":false,"template":"","format":"standard","meta":{"footnotes":""},"categories":[1],"tags":[],"class_list":["post-18287","post","type-post","status-publish","format-standard","has-post-thumbnail","hentry","category-noticias"],"_links":{"self":[{"href":"https:\/\/blogdorogeriogomes.com.br\/noticias\/wp-json\/wp\/v2\/posts\/18287","targetHints":{"allow":["GET"]}}],"collection":[{"href":"https:\/\/blogdorogeriogomes.com.br\/noticias\/wp-json\/wp\/v2\/posts"}],"about":[{"href":"https:\/\/blogdorogeriogomes.com.br\/noticias\/wp-json\/wp\/v2\/types\/post"}],"author":[{"embeddable":true,"href":"https:\/\/blogdorogeriogomes.com.br\/noticias\/wp-json\/wp\/v2\/users\/1"}],"replies":[{"embeddable":true,"href":"https:\/\/blogdorogeriogomes.com.br\/noticias\/wp-json\/wp\/v2\/comments?post=18287"}],"version-history":[{"count":2,"href":"https:\/\/blogdorogeriogomes.com.br\/noticias\/wp-json\/wp\/v2\/posts\/18287\/revisions"}],"predecessor-version":[{"id":18303,"href":"https:\/\/blogdorogeriogomes.com.br\/noticias\/wp-json\/wp\/v2\/posts\/18287\/revisions\/18303"}],"wp:featuredmedia":[{"embeddable":true,"href":"https:\/\/blogdorogeriogomes.com.br\/noticias\/wp-json\/wp\/v2\/media\/18288"}],"wp:attachment":[{"href":"https:\/\/blogdorogeriogomes.com.br\/noticias\/wp-json\/wp\/v2\/media?parent=18287"}],"wp:term":[{"taxonomy":"category","embeddable":true,"href":"https:\/\/blogdorogeriogomes.com.br\/noticias\/wp-json\/wp\/v2\/categories?post=18287"},{"taxonomy":"post_tag","embeddable":true,"href":"https:\/\/blogdorogeriogomes.com.br\/noticias\/wp-json\/wp\/v2\/tags?post=18287"}],"curies":[{"name":"wp","href":"https:\/\/api.w.org\/{rel}","templated":true}]}}