{"id":18290,"date":"2020-09-15T19:04:48","date_gmt":"2020-09-15T19:04:48","guid":{"rendered":"https:\/\/blogdorogeriogomes.com.br\/?p=18290"},"modified":"2020-09-16T11:25:58","modified_gmt":"2020-09-16T11:25:58","slug":"sitio-curio-em-fortaleza-recebe-nova-areninha-e-ganha-mais-um-espaco-de-lazer-para-a-comunidade","status":"publish","type":"post","link":"https:\/\/blogdorogeriogomes.com.br\/noticias\/2020\/09\/sitio-curio-em-fortaleza-recebe-nova-areninha-e-ganha-mais-um-espaco-de-lazer-para-a-comunidade\/","title":{"rendered":"S\u00edtio Curi\u00f3 em Fortaleza recebe nova areninha e ganha mais um espa\u00e7o de lazer para a comunidade"},"content":{"rendered":"\n<p>O S\u00edtio Curi\u00f3, em Fortaleza, ganhou, na manh\u00e3 desta ter\u00e7a-feira, dia 15 de setembro, mais um importante espa\u00e7o para a promo\u00e7\u00e3o da sa\u00fade da popula\u00e7\u00e3o local. O governador do Cear\u00e1, Camilo Santana, inaugurou no local a 87\u00aa areninha constru\u00edda pelo Estado. O prefeito de Fortaleza, Roberto Cl\u00e1udio, tamb\u00e9m participou da inaugura\u00e7\u00e3o. A meta \u00e9 chegar ao final do ano com quase 100 areninhas constru\u00eddas pela Prefeitura de Fortaleza e pelo Estado apenas na Capital.<\/p>\n\n\n\n<p>Com investimento de R$ 1.365.901,25, a areninha conta com campo society de grama sint\u00e9tica, duas \u00e1reas de banco de reserva, urbaniza\u00e7\u00e3o e pavimenta\u00e7\u00e3o, alambrados e ilumina\u00e7\u00e3o, distribu\u00eddos em quase sete mil metros quadrados.<\/p>\n\n\n\n<figure class=\"wp-block-image size-large\"><img loading=\"lazy\" decoding=\"async\" width=\"1024\" height=\"644\" src=\"https:\/\/blogdorogeriogomes.com.br\/wp-content\/uploads\/2020\/09\/200915_ARENINHA-CURIO_CGM0002-1200x755-1-1024x644.jpg\" alt=\"\" class=\"wp-image-18291\" srcset=\"https:\/\/blogdorogeriogomes.com.br\/noticias\/wp-content\/uploads\/2020\/09\/200915_ARENINHA-CURIO_CGM0002-1200x755-1-1024x644.jpg 1024w, https:\/\/blogdorogeriogomes.com.br\/noticias\/wp-content\/uploads\/2020\/09\/200915_ARENINHA-CURIO_CGM0002-1200x755-1-300x189.jpg 300w, https:\/\/blogdorogeriogomes.com.br\/noticias\/wp-content\/uploads\/2020\/09\/200915_ARENINHA-CURIO_CGM0002-1200x755-1-768x483.jpg 768w, https:\/\/blogdorogeriogomes.com.br\/noticias\/wp-content\/uploads\/2020\/09\/200915_ARENINHA-CURIO_CGM0002-1200x755-1-800x503.jpg 800w, https:\/\/blogdorogeriogomes.com.br\/noticias\/wp-content\/uploads\/2020\/09\/200915_ARENINHA-CURIO_CGM0002-1200x755-1-320x202.jpg 320w, https:\/\/blogdorogeriogomes.com.br\/noticias\/wp-content\/uploads\/2020\/09\/200915_ARENINHA-CURIO_CGM0002-1200x755-1-700x441.jpg 700w, https:\/\/blogdorogeriogomes.com.br\/noticias\/wp-content\/uploads\/2020\/09\/200915_ARENINHA-CURIO_CGM0002-1200x755-1.jpg 1200w\" sizes=\"auto, (max-width: 1024px) 100vw, 1024px\" \/><\/figure>\n","protected":false},"excerpt":{"rendered":"<p>O S\u00edtio Curi\u00f3, em Fortaleza, ganhou, na manh\u00e3 desta ter\u00e7a-feira, dia 15 de setembro, mais um importante espa\u00e7o para a promo\u00e7\u00e3o da sa\u00fade da popula\u00e7\u00e3o local. O governador do Cear\u00e1, Camilo Santana, inaugurou no local a 87\u00aa areninha constru\u00edda pelo Estado. O prefeito de Fortaleza, Roberto Cl\u00e1udio, tamb\u00e9m participou da inaugura\u00e7\u00e3o. A meta \u00e9 chegar ao final do ano com quase 100 areninhas constru\u00eddas pela Prefeitura de Fortaleza e pelo Estado apenas na Capital. Com investimento de R$ 1.365.901,25,&hellip;<\/p>\n","protected":false},"author":1,"featured_media":18291,"comment_status":"open","ping_status":"open","sticky":false,"template":"","format":"standard","meta":{"footnotes":""},"categories":[1],"tags":[],"class_list":["post-18290","post","type-post","status-publish","format-standard","has-post-thumbnail","hentry","category-noticias"],"_links":{"self":[{"href":"https:\/\/blogdorogeriogomes.com.br\/noticias\/wp-json\/wp\/v2\/posts\/18290","targetHints":{"allow":["GET"]}}],"collection":[{"href":"https:\/\/blogdorogeriogomes.com.br\/noticias\/wp-json\/wp\/v2\/posts"}],"about":[{"href":"https:\/\/blogdorogeriogomes.com.br\/noticias\/wp-json\/wp\/v2\/types\/post"}],"author":[{"embeddable":true,"href":"https:\/\/blogdorogeriogomes.com.br\/noticias\/wp-json\/wp\/v2\/users\/1"}],"replies":[{"embeddable":true,"href":"https:\/\/blogdorogeriogomes.com.br\/noticias\/wp-json\/wp\/v2\/comments?post=18290"}],"version-history":[{"count":1,"href":"https:\/\/blogdorogeriogomes.com.br\/noticias\/wp-json\/wp\/v2\/posts\/18290\/revisions"}],"predecessor-version":[{"id":18292,"href":"https:\/\/blogdorogeriogomes.com.br\/noticias\/wp-json\/wp\/v2\/posts\/18290\/revisions\/18292"}],"wp:featuredmedia":[{"embeddable":true,"href":"https:\/\/blogdorogeriogomes.com.br\/noticias\/wp-json\/wp\/v2\/media\/18291"}],"wp:attachment":[{"href":"https:\/\/blogdorogeriogomes.com.br\/noticias\/wp-json\/wp\/v2\/media?parent=18290"}],"wp:term":[{"taxonomy":"category","embeddable":true,"href":"https:\/\/blogdorogeriogomes.com.br\/noticias\/wp-json\/wp\/v2\/categories?post=18290"},{"taxonomy":"post_tag","embeddable":true,"href":"https:\/\/blogdorogeriogomes.com.br\/noticias\/wp-json\/wp\/v2\/tags?post=18290"}],"curies":[{"name":"wp","href":"https:\/\/api.w.org\/{rel}","templated":true}]}}