{"id":18293,"date":"2020-09-15T19:19:34","date_gmt":"2020-09-15T19:19:34","guid":{"rendered":"https:\/\/blogdorogeriogomes.com.br\/?p=18293"},"modified":"2020-09-16T11:25:44","modified_gmt":"2020-09-16T11:25:44","slug":"deputados-estaduais-do-ceara-entram-com-forca-nas-disputas-eleitorais-de-novembro","status":"publish","type":"post","link":"https:\/\/blogdorogeriogomes.com.br\/noticias\/2020\/09\/deputados-estaduais-do-ceara-entram-com-forca-nas-disputas-eleitorais-de-novembro\/","title":{"rendered":"Deputados estaduais do Cear\u00e1 entram com for\u00e7a nas disputas eleitorais de novembro"},"content":{"rendered":"\n<p>N\u00e3o \u00e9 s\u00f3 na C\u00e2mara Municipal de Fortaleza que as elei\u00e7\u00f5es municipais de novembro est\u00e3o causando movimenta\u00e7\u00e3o intensa dos parlamentares. Na Assembleia Legislativa do Cear\u00e1, os deputados estaduais est\u00e3o em contato direto com suas bases eleitorais. E muitos deles v\u00e3o se envolver diretamente na disputa. Pelo menos, 12 dos 46 parlamentares da Casa j\u00e1 confirmaram que ser\u00e3o candidatos a prefeito ou vice nas elei\u00e7\u00f5es 2020.<\/p>\n\n\n\n<p>O \u00faltimo a confirmar participa\u00e7\u00e3o na disputa foi o deputado estadual Walter Cavalcante, do MDB, que ser\u00e1 o candidato a vice na chapa do tamb\u00e9m deputado estadual Heitor F\u00e9rrer, do Solidariedade, \u00e0 Prefeitura de Fortaleza.<\/p>\n\n\n\n<p>Na Capital, o atual presidente da Assembleia Legislativa do Cear\u00e1, Jos\u00e9 Sarto (PDT), ser\u00e1 o candidato de situa\u00e7\u00e3o, apoiado pelo atual prefeito Roberto Cl\u00e1udio, no pleito de novembro.<\/p>\n\n\n\n<figure class=\"wp-block-image size-large\"><img loading=\"lazy\" decoding=\"async\" width=\"400\" height=\"267\" src=\"https:\/\/blogdorogeriogomes.com.br\/wp-content\/uploads\/2020\/09\/924e1927658e908b0493fadd621bab56_L.jpg\" alt=\"\" class=\"wp-image-18294\" srcset=\"https:\/\/blogdorogeriogomes.com.br\/noticias\/wp-content\/uploads\/2020\/09\/924e1927658e908b0493fadd621bab56_L.jpg 400w, https:\/\/blogdorogeriogomes.com.br\/noticias\/wp-content\/uploads\/2020\/09\/924e1927658e908b0493fadd621bab56_L-300x200.jpg 300w\" sizes=\"auto, (max-width: 400px) 100vw, 400px\" \/><\/figure>\n","protected":false},"excerpt":{"rendered":"<p>N\u00e3o \u00e9 s\u00f3 na C\u00e2mara Municipal de Fortaleza que as elei\u00e7\u00f5es municipais de novembro est\u00e3o causando movimenta\u00e7\u00e3o intensa dos parlamentares. Na Assembleia Legislativa do Cear\u00e1, os deputados estaduais est\u00e3o em contato direto com suas bases eleitorais. E muitos deles v\u00e3o se envolver diretamente na disputa. Pelo menos, 12 dos 46 parlamentares da Casa j\u00e1 confirmaram que ser\u00e3o candidatos a prefeito ou vice nas elei\u00e7\u00f5es 2020. O \u00faltimo a confirmar participa\u00e7\u00e3o na disputa foi o deputado estadual Walter Cavalcante, do&hellip;<\/p>\n","protected":false},"author":1,"featured_media":18294,"comment_status":"open","ping_status":"open","sticky":false,"template":"","format":"standard","meta":{"footnotes":""},"categories":[1],"tags":[],"class_list":["post-18293","post","type-post","status-publish","format-standard","has-post-thumbnail","hentry","category-noticias"],"_links":{"self":[{"href":"https:\/\/blogdorogeriogomes.com.br\/noticias\/wp-json\/wp\/v2\/posts\/18293","targetHints":{"allow":["GET"]}}],"collection":[{"href":"https:\/\/blogdorogeriogomes.com.br\/noticias\/wp-json\/wp\/v2\/posts"}],"about":[{"href":"https:\/\/blogdorogeriogomes.com.br\/noticias\/wp-json\/wp\/v2\/types\/post"}],"author":[{"embeddable":true,"href":"https:\/\/blogdorogeriogomes.com.br\/noticias\/wp-json\/wp\/v2\/users\/1"}],"replies":[{"embeddable":true,"href":"https:\/\/blogdorogeriogomes.com.br\/noticias\/wp-json\/wp\/v2\/comments?post=18293"}],"version-history":[{"count":1,"href":"https:\/\/blogdorogeriogomes.com.br\/noticias\/wp-json\/wp\/v2\/posts\/18293\/revisions"}],"predecessor-version":[{"id":18295,"href":"https:\/\/blogdorogeriogomes.com.br\/noticias\/wp-json\/wp\/v2\/posts\/18293\/revisions\/18295"}],"wp:featuredmedia":[{"embeddable":true,"href":"https:\/\/blogdorogeriogomes.com.br\/noticias\/wp-json\/wp\/v2\/media\/18294"}],"wp:attachment":[{"href":"https:\/\/blogdorogeriogomes.com.br\/noticias\/wp-json\/wp\/v2\/media?parent=18293"}],"wp:term":[{"taxonomy":"category","embeddable":true,"href":"https:\/\/blogdorogeriogomes.com.br\/noticias\/wp-json\/wp\/v2\/categories?post=18293"},{"taxonomy":"post_tag","embeddable":true,"href":"https:\/\/blogdorogeriogomes.com.br\/noticias\/wp-json\/wp\/v2\/tags?post=18293"}],"curies":[{"name":"wp","href":"https:\/\/api.w.org\/{rel}","templated":true}]}}