{"id":18297,"date":"2020-09-16T09:16:51","date_gmt":"2020-09-16T09:16:51","guid":{"rendered":"https:\/\/blogdorogeriogomes.com.br\/?p=18297"},"modified":"2020-09-16T11:25:26","modified_gmt":"2020-09-16T11:25:26","slug":"bons-resultados-na-educacao-fazem-o-ceara-ser-destaque-mais-uma-vez-no-cenario-nacional","status":"publish","type":"post","link":"https:\/\/blogdorogeriogomes.com.br\/noticias\/2020\/09\/bons-resultados-na-educacao-fazem-o-ceara-ser-destaque-mais-uma-vez-no-cenario-nacional\/","title":{"rendered":"Bons resultados na educa\u00e7\u00e3o fazem o Cear\u00e1 ser destaque mais uma vez no cen\u00e1rio nacional"},"content":{"rendered":"\n<p>Os bons resultados da educa\u00e7\u00e3o p\u00fablica fizeram o Cear\u00e1 ser mais uma vez destaque no cen\u00e1rio nacional. O Estado consolidou sua posi\u00e7\u00e3o como refer\u00eancia de educa\u00e7\u00e3o p\u00fablica de qualidade no \u00cdndice de Desenvolvimento da Educa\u00e7\u00e3o B\u00e1sica (Ideb) 2019, divulgado nesta ter\u00e7a-feira, dia 15 de setembro, pelo Instituto Nacional de Estudos e Pesquisas Educacionais An\u00edsio Teixeira (Inep), do Minist\u00e9rio da Educa\u00e7\u00e3o. A rede p\u00fablica estadual cearense superou a meta proposta para 2019 e alcan\u00e7ou o melhor resultado do pa\u00eds nos anos finais do Ensino Fundamental (6\u00ba ao 9\u00ba ano). Nesta etapa da educa\u00e7\u00e3o b\u00e1sica, o Cear\u00e1 obteve 5,2 pontos, ultrapassando a proje\u00e7\u00e3o para 2019 (4,6).<\/p>\n\n\n\n<p>O resultado do Ideb da rede p\u00fablica cearense foi apresentado pelo governador Camilo Santana durante live nas redes sociais. Ainda de acordo com o principal indicador que avalia a qualidade da educa\u00e7\u00e3o b\u00e1sica, o Cear\u00e1 apresenta a melhor evolu\u00e7\u00e3o nos anos iniciais do Ensino Fundamental (do 1\u00ba ao 5\u00ba ano) quando comparado \u00e0s demais unidades da federa\u00e7\u00e3o. A rede p\u00fablica alcan\u00e7ou a nota 6,3 em 2019, superando em 1,5 ponto a meta estabelecida pelo Minist\u00e9rio da Educa\u00e7\u00e3o.<\/p>\n\n\n\n<figure class=\"wp-block-image size-large\"><img loading=\"lazy\" decoding=\"async\" width=\"1024\" height=\"684\" src=\"https:\/\/blogdorogeriogomes.com.br\/wp-content\/uploads\/2020\/09\/200915_IDEB-2019_CGM0778-1200x802-1-1024x684.jpg\" alt=\"\" class=\"wp-image-18298\" srcset=\"https:\/\/blogdorogeriogomes.com.br\/noticias\/wp-content\/uploads\/2020\/09\/200915_IDEB-2019_CGM0778-1200x802-1-1024x684.jpg 1024w, https:\/\/blogdorogeriogomes.com.br\/noticias\/wp-content\/uploads\/2020\/09\/200915_IDEB-2019_CGM0778-1200x802-1-300x201.jpg 300w, https:\/\/blogdorogeriogomes.com.br\/noticias\/wp-content\/uploads\/2020\/09\/200915_IDEB-2019_CGM0778-1200x802-1-768x513.jpg 768w, https:\/\/blogdorogeriogomes.com.br\/noticias\/wp-content\/uploads\/2020\/09\/200915_IDEB-2019_CGM0778-1200x802-1-800x535.jpg 800w, https:\/\/blogdorogeriogomes.com.br\/noticias\/wp-content\/uploads\/2020\/09\/200915_IDEB-2019_CGM0778-1200x802-1.jpg 1200w\" sizes=\"auto, (max-width: 1024px) 100vw, 1024px\" \/><\/figure>\n","protected":false},"excerpt":{"rendered":"<p>Os bons resultados da educa\u00e7\u00e3o p\u00fablica fizeram o Cear\u00e1 ser mais uma vez destaque no cen\u00e1rio nacional. O Estado consolidou sua posi\u00e7\u00e3o como refer\u00eancia de educa\u00e7\u00e3o p\u00fablica de qualidade no \u00cdndice de Desenvolvimento da Educa\u00e7\u00e3o B\u00e1sica (Ideb) 2019, divulgado nesta ter\u00e7a-feira, dia 15 de setembro, pelo Instituto Nacional de Estudos e Pesquisas Educacionais An\u00edsio Teixeira (Inep), do Minist\u00e9rio da Educa\u00e7\u00e3o. A rede p\u00fablica estadual cearense superou a meta proposta para 2019 e alcan\u00e7ou o melhor resultado do pa\u00eds nos&hellip;<\/p>\n","protected":false},"author":1,"featured_media":18298,"comment_status":"open","ping_status":"open","sticky":false,"template":"","format":"standard","meta":{"footnotes":""},"categories":[1],"tags":[],"class_list":["post-18297","post","type-post","status-publish","format-standard","has-post-thumbnail","hentry","category-noticias"],"_links":{"self":[{"href":"https:\/\/blogdorogeriogomes.com.br\/noticias\/wp-json\/wp\/v2\/posts\/18297","targetHints":{"allow":["GET"]}}],"collection":[{"href":"https:\/\/blogdorogeriogomes.com.br\/noticias\/wp-json\/wp\/v2\/posts"}],"about":[{"href":"https:\/\/blogdorogeriogomes.com.br\/noticias\/wp-json\/wp\/v2\/types\/post"}],"author":[{"embeddable":true,"href":"https:\/\/blogdorogeriogomes.com.br\/noticias\/wp-json\/wp\/v2\/users\/1"}],"replies":[{"embeddable":true,"href":"https:\/\/blogdorogeriogomes.com.br\/noticias\/wp-json\/wp\/v2\/comments?post=18297"}],"version-history":[{"count":1,"href":"https:\/\/blogdorogeriogomes.com.br\/noticias\/wp-json\/wp\/v2\/posts\/18297\/revisions"}],"predecessor-version":[{"id":18299,"href":"https:\/\/blogdorogeriogomes.com.br\/noticias\/wp-json\/wp\/v2\/posts\/18297\/revisions\/18299"}],"wp:featuredmedia":[{"embeddable":true,"href":"https:\/\/blogdorogeriogomes.com.br\/noticias\/wp-json\/wp\/v2\/media\/18298"}],"wp:attachment":[{"href":"https:\/\/blogdorogeriogomes.com.br\/noticias\/wp-json\/wp\/v2\/media?parent=18297"}],"wp:term":[{"taxonomy":"category","embeddable":true,"href":"https:\/\/blogdorogeriogomes.com.br\/noticias\/wp-json\/wp\/v2\/categories?post=18297"},{"taxonomy":"post_tag","embeddable":true,"href":"https:\/\/blogdorogeriogomes.com.br\/noticias\/wp-json\/wp\/v2\/tags?post=18297"}],"curies":[{"name":"wp","href":"https:\/\/api.w.org\/{rel}","templated":true}]}}