{"id":18300,"date":"2020-09-16T09:43:57","date_gmt":"2020-09-16T09:43:57","guid":{"rendered":"https:\/\/blogdorogeriogomes.com.br\/?p=18300"},"modified":"2020-09-16T11:25:29","modified_gmt":"2020-09-16T11:25:29","slug":"retorno-do-atendimento-no-inss-continua-com-impasse-envolvendo-a-realizacao-de-pericia-medica","status":"publish","type":"post","link":"https:\/\/blogdorogeriogomes.com.br\/noticias\/2020\/09\/retorno-do-atendimento-no-inss-continua-com-impasse-envolvendo-a-realizacao-de-pericia-medica\/","title":{"rendered":"Retorno do atendimento no INSS continua com impasse envolvendo a realiza\u00e7\u00e3o de per\u00edcia m\u00e9dica"},"content":{"rendered":"\n<p>O atendimento presencial nas ag\u00eancias do INSS em todo o Pa\u00eds aconteceu na \u00faltima segunda-feira, dia 14 de setembro. Mas a institui\u00e7\u00e3o enfrenta problemas em rela\u00e7\u00e3o \u00e0s per\u00edcias m\u00e9dicas. A reabertura das ag\u00eancias instaurou uma queda de bra\u00e7os entre o \u00f3rg\u00e3o e m\u00e9dicos peritos. Isso, em meio \u00e0 pandemia do novo coronav\u00edrus e restri\u00e7\u00e3o de atendimentos presenciais por quase seis meses. Quem est\u00e1 sofrendo \u00e9 o cidad\u00e3o que precisa realizar a per\u00edcia para ter acesso a algum benef\u00edcio do INSS.<\/p>\n\n\n\n<p>Enquanto os profissionais da sa\u00fade acusam o INSS de n\u00e3o terem feito as adapta\u00e7\u00f5es necess\u00e1rias nas ag\u00eancias para receber os segurados, em ambiente que gera aglomera\u00e7\u00e3o e tem p\u00fablico em grande parte idoso, o \u00f3rg\u00e3o aponta que os peritos pedem melhorias que estariam al\u00e9m do escopo de preven\u00e7\u00e3o da Covid-19.<\/p>\n\n\n\n<p>As per\u00edcias m\u00e9dicas para os segurados do INSS v\u00e3o continuar suspensas, em todo o pa\u00eds, pelo menos at\u00e9 quarta-feira, dia 16 de setembro, de acordo com o pr\u00f3prio \u00f3rg\u00e3o. O Instituto Nacional do Seguro Social informou que a remarca\u00e7\u00e3o da per\u00edcia m\u00e9dica ser\u00e1 feita de maneira autom\u00e1tica para quem j\u00e1 tinha agendado uma data.<\/p>\n\n\n\n<figure class=\"wp-block-image size-large\"><img loading=\"lazy\" decoding=\"async\" width=\"739\" height=\"415\" src=\"https:\/\/blogdorogeriogomes.com.br\/wp-content\/uploads\/2020\/09\/images-1-2.jpeg\" alt=\"\" class=\"wp-image-18301\" srcset=\"https:\/\/blogdorogeriogomes.com.br\/noticias\/wp-content\/uploads\/2020\/09\/images-1-2.jpeg 739w, https:\/\/blogdorogeriogomes.com.br\/noticias\/wp-content\/uploads\/2020\/09\/images-1-2-300x168.jpeg 300w\" sizes=\"auto, (max-width: 739px) 100vw, 739px\" \/><\/figure>\n","protected":false},"excerpt":{"rendered":"<p>O atendimento presencial nas ag\u00eancias do INSS em todo o Pa\u00eds aconteceu na \u00faltima segunda-feira, dia 14 de setembro. Mas a institui\u00e7\u00e3o enfrenta problemas em rela\u00e7\u00e3o \u00e0s per\u00edcias m\u00e9dicas. A reabertura das ag\u00eancias instaurou uma queda de bra\u00e7os entre o \u00f3rg\u00e3o e m\u00e9dicos peritos. Isso, em meio \u00e0 pandemia do novo coronav\u00edrus e restri\u00e7\u00e3o de atendimentos presenciais por quase seis meses. Quem est\u00e1 sofrendo \u00e9 o cidad\u00e3o que precisa realizar a per\u00edcia para ter acesso a algum benef\u00edcio do&hellip;<\/p>\n","protected":false},"author":1,"featured_media":18301,"comment_status":"open","ping_status":"open","sticky":false,"template":"","format":"standard","meta":{"footnotes":""},"categories":[1],"tags":[],"class_list":["post-18300","post","type-post","status-publish","format-standard","has-post-thumbnail","hentry","category-noticias"],"_links":{"self":[{"href":"https:\/\/blogdorogeriogomes.com.br\/noticias\/wp-json\/wp\/v2\/posts\/18300","targetHints":{"allow":["GET"]}}],"collection":[{"href":"https:\/\/blogdorogeriogomes.com.br\/noticias\/wp-json\/wp\/v2\/posts"}],"about":[{"href":"https:\/\/blogdorogeriogomes.com.br\/noticias\/wp-json\/wp\/v2\/types\/post"}],"author":[{"embeddable":true,"href":"https:\/\/blogdorogeriogomes.com.br\/noticias\/wp-json\/wp\/v2\/users\/1"}],"replies":[{"embeddable":true,"href":"https:\/\/blogdorogeriogomes.com.br\/noticias\/wp-json\/wp\/v2\/comments?post=18300"}],"version-history":[{"count":1,"href":"https:\/\/blogdorogeriogomes.com.br\/noticias\/wp-json\/wp\/v2\/posts\/18300\/revisions"}],"predecessor-version":[{"id":18302,"href":"https:\/\/blogdorogeriogomes.com.br\/noticias\/wp-json\/wp\/v2\/posts\/18300\/revisions\/18302"}],"wp:featuredmedia":[{"embeddable":true,"href":"https:\/\/blogdorogeriogomes.com.br\/noticias\/wp-json\/wp\/v2\/media\/18301"}],"wp:attachment":[{"href":"https:\/\/blogdorogeriogomes.com.br\/noticias\/wp-json\/wp\/v2\/media?parent=18300"}],"wp:term":[{"taxonomy":"category","embeddable":true,"href":"https:\/\/blogdorogeriogomes.com.br\/noticias\/wp-json\/wp\/v2\/categories?post=18300"},{"taxonomy":"post_tag","embeddable":true,"href":"https:\/\/blogdorogeriogomes.com.br\/noticias\/wp-json\/wp\/v2\/tags?post=18300"}],"curies":[{"name":"wp","href":"https:\/\/api.w.org\/{rel}","templated":true}]}}