{"id":18304,"date":"2020-09-16T20:38:20","date_gmt":"2020-09-16T20:38:20","guid":{"rendered":"https:\/\/blogdorogeriogomes.com.br\/?p=18304"},"modified":"2020-09-18T19:34:55","modified_gmt":"2020-09-18T19:34:55","slug":"ultimas-chapas-para-concorrer-a-prefeitura-de-fortaleza-sao-definidas-nesta-quarta-feira","status":"publish","type":"post","link":"https:\/\/blogdorogeriogomes.com.br\/noticias\/2020\/09\/ultimas-chapas-para-concorrer-a-prefeitura-de-fortaleza-sao-definidas-nesta-quarta-feira\/","title":{"rendered":"\u00daltimas chapas para concorrer \u00e0 Prefeitura de Fortaleza s\u00e3o definidas nesta quarta-feira"},"content":{"rendered":"\n<p>No \u00faltimo dia do prazo para defini\u00e7\u00e3o dos nomes para concorrer \u00e0 Prefeitura de Fortaleza, nesta quarta-feira, dia 16 de setembro, as \u00faltimas chapas foram apontadas em conven\u00e7\u00f5es partid\u00e1rias.<\/p>\n\n\n\n<p>O PT ficou isolado e vai lan\u00e7ar uma chapa pura que ser\u00e1 encabe\u00e7ada pela deputada federal Luizianne Lins. Ela ter\u00e1 como vice o secret\u00e1rio de Finan\u00e7as do PT no Cear\u00e1, Vladyson Viana. O partido tentou se coligar com MDB de Eun\u00edcio Oliveira e o Solidariedade de Heitor F\u00e9rrer, mas n\u00e3o obteve sucesso.<\/p>\n\n\n\n<p>O PV ter\u00e1 o deputado federal C\u00e9lio Studart como candidato a prefeito de Fortaleza. O vice ser\u00e1 o advogado Francisco Galba Viana, que \u00e9 ambientalista.<\/p>\n\n\n\n<p>O PC do B aprovou o nome do professor An\u00edzio Melo, ex-presidente do Sindicato Apeoc, para concorrer \u00e0 Prefeitura da Capital. Ele ter\u00e1 como vice a tamb\u00e9m professora Helena Serra Azul.<\/p>\n\n\n\n<p>J\u00e1 o PSL indicou o deputado federal Heitor Freire para a disputa. Ele ter\u00e1 como candidata a vice a cabo da Pol\u00edcia Militar, Laurice Maia.<\/p>\n\n\n\n<figure class=\"wp-block-image size-large\"><img loading=\"lazy\" decoding=\"async\" width=\"768\" height=\"432\" src=\"https:\/\/blogdorogeriogomes.com.br\/wp-content\/uploads\/2020\/09\/Design-sem-nome-2-768x432-1.jpg\" alt=\"\" class=\"wp-image-18305\" srcset=\"https:\/\/blogdorogeriogomes.com.br\/noticias\/wp-content\/uploads\/2020\/09\/Design-sem-nome-2-768x432-1.jpg 768w, https:\/\/blogdorogeriogomes.com.br\/noticias\/wp-content\/uploads\/2020\/09\/Design-sem-nome-2-768x432-1-300x169.jpg 300w\" sizes=\"auto, (max-width: 768px) 100vw, 768px\" \/><\/figure>\n","protected":false},"excerpt":{"rendered":"<p>No \u00faltimo dia do prazo para defini\u00e7\u00e3o dos nomes para concorrer \u00e0 Prefeitura de Fortaleza, nesta quarta-feira, dia 16 de setembro, as \u00faltimas chapas foram apontadas em conven\u00e7\u00f5es partid\u00e1rias. O PT ficou isolado e vai lan\u00e7ar uma chapa pura que ser\u00e1 encabe\u00e7ada pela deputada federal Luizianne Lins. Ela ter\u00e1 como vice o secret\u00e1rio de Finan\u00e7as do PT no Cear\u00e1, Vladyson Viana. O partido tentou se coligar com MDB de Eun\u00edcio Oliveira e o Solidariedade de Heitor F\u00e9rrer, mas n\u00e3o&hellip;<\/p>\n","protected":false},"author":1,"featured_media":18305,"comment_status":"open","ping_status":"open","sticky":false,"template":"","format":"standard","meta":{"footnotes":""},"categories":[1],"tags":[],"class_list":["post-18304","post","type-post","status-publish","format-standard","has-post-thumbnail","hentry","category-noticias"],"_links":{"self":[{"href":"https:\/\/blogdorogeriogomes.com.br\/noticias\/wp-json\/wp\/v2\/posts\/18304","targetHints":{"allow":["GET"]}}],"collection":[{"href":"https:\/\/blogdorogeriogomes.com.br\/noticias\/wp-json\/wp\/v2\/posts"}],"about":[{"href":"https:\/\/blogdorogeriogomes.com.br\/noticias\/wp-json\/wp\/v2\/types\/post"}],"author":[{"embeddable":true,"href":"https:\/\/blogdorogeriogomes.com.br\/noticias\/wp-json\/wp\/v2\/users\/1"}],"replies":[{"embeddable":true,"href":"https:\/\/blogdorogeriogomes.com.br\/noticias\/wp-json\/wp\/v2\/comments?post=18304"}],"version-history":[{"count":1,"href":"https:\/\/blogdorogeriogomes.com.br\/noticias\/wp-json\/wp\/v2\/posts\/18304\/revisions"}],"predecessor-version":[{"id":18306,"href":"https:\/\/blogdorogeriogomes.com.br\/noticias\/wp-json\/wp\/v2\/posts\/18304\/revisions\/18306"}],"wp:featuredmedia":[{"embeddable":true,"href":"https:\/\/blogdorogeriogomes.com.br\/noticias\/wp-json\/wp\/v2\/media\/18305"}],"wp:attachment":[{"href":"https:\/\/blogdorogeriogomes.com.br\/noticias\/wp-json\/wp\/v2\/media?parent=18304"}],"wp:term":[{"taxonomy":"category","embeddable":true,"href":"https:\/\/blogdorogeriogomes.com.br\/noticias\/wp-json\/wp\/v2\/categories?post=18304"},{"taxonomy":"post_tag","embeddable":true,"href":"https:\/\/blogdorogeriogomes.com.br\/noticias\/wp-json\/wp\/v2\/tags?post=18304"}],"curies":[{"name":"wp","href":"https:\/\/api.w.org\/{rel}","templated":true}]}}