{"id":18313,"date":"2020-09-17T10:05:09","date_gmt":"2020-09-17T10:05:09","guid":{"rendered":"https:\/\/blogdorogeriogomes.com.br\/?p=18313"},"modified":"2020-09-18T19:33:38","modified_gmt":"2020-09-18T19:33:38","slug":"setor-do-agronegocio-pressiona-governo-federal-para-tomar-providencias-contra-queimada-na-amazonia-e-pantanal","status":"publish","type":"post","link":"https:\/\/blogdorogeriogomes.com.br\/noticias\/2020\/09\/setor-do-agronegocio-pressiona-governo-federal-para-tomar-providencias-contra-queimada-na-amazonia-e-pantanal\/","title":{"rendered":"Setor do agroneg\u00f3cio pressiona Governo Federal para tomar provid\u00eancias contra queimada na Amaz\u00f4nia e Pantanal"},"content":{"rendered":"\n<p>O negacionismo do Governo Bolsonaro de que n\u00e3o h\u00e1 queimadas e desmatamento na Amaz\u00f4nia e agora em larga escala no Pantanal fez com que o setor do agroneg\u00f3cio brasileiro alertasse as autoridades para os preju\u00edzos com as exporta\u00e7\u00f5es. <\/p>\n\n\n\n<p>Pa\u00edses europeus dizem que o aumento do desmatamento dificulta compras de produtos do Brasil, respons\u00e1veis por cerca de 10% do que o agroneg\u00f3cio brasileiro faturou com exporta\u00e7\u00f5es neste ano, de janeiro a agosto.<\/p>\n\n\n\n<p>Alemanha, Dinamarca, Fran\u00e7a, It\u00e1lia, Holanda, Noruega, Reino Unido e B\u00e9lgica, que assinaram carta ao governo brasileiro criticando &#8220;altas taxas&#8221; de &#8220;desflorestamento&#8221;, compraram US$ 6,77 bilh\u00f5es em produtos agropecu\u00e1rios do Brasil no per\u00edodo, o equivalente a 9,71% do que o setor vendeu ao exterior (US$ 69,6 bilh\u00f5es).<\/p>\n\n\n\n<p>Um levantamento do Observat\u00f3rio do Clima concluiu que o Minist\u00e9rio do Meio Ambiente n\u00e3o gastou nem 1% do dinheiro destinado a programas de preserva\u00e7\u00e3o.<\/p>\n\n\n\n<p>Questionado sobre o problema, nesta quarta-feira, dia 16 de setembro, em Bras\u00edlia, o presidente Jair Bolsonaro falou que existem &#8220;cr\u00edticas desproporcionais&#8221; sobre as queimadas no Pantanal e na Amaz\u00f4nia. E, assim, continua negando a devasta\u00e7\u00e3o do meio ambiente.<\/p>\n\n\n\n<figure class=\"wp-block-image size-large\"><img loading=\"lazy\" decoding=\"async\" width=\"678\" height=\"452\" src=\"https:\/\/blogdorogeriogomes.com.br\/wp-content\/uploads\/2020\/09\/images-3-2.jpeg\" alt=\"\" class=\"wp-image-18314\" srcset=\"https:\/\/blogdorogeriogomes.com.br\/noticias\/wp-content\/uploads\/2020\/09\/images-3-2.jpeg 678w, https:\/\/blogdorogeriogomes.com.br\/noticias\/wp-content\/uploads\/2020\/09\/images-3-2-300x200.jpeg 300w\" sizes=\"auto, (max-width: 678px) 100vw, 678px\" \/><\/figure>\n","protected":false},"excerpt":{"rendered":"<p>O negacionismo do Governo Bolsonaro de que n\u00e3o h\u00e1 queimadas e desmatamento na Amaz\u00f4nia e agora em larga escala no Pantanal fez com que o setor do agroneg\u00f3cio brasileiro alertasse as autoridades para os preju\u00edzos com as exporta\u00e7\u00f5es. Pa\u00edses europeus dizem que o aumento do desmatamento dificulta compras de produtos do Brasil, respons\u00e1veis por cerca de 10% do que o agroneg\u00f3cio brasileiro faturou com exporta\u00e7\u00f5es neste ano, de janeiro a agosto. Alemanha, Dinamarca, Fran\u00e7a, It\u00e1lia, Holanda, Noruega, Reino Unido&hellip;<\/p>\n","protected":false},"author":1,"featured_media":18314,"comment_status":"open","ping_status":"open","sticky":false,"template":"","format":"standard","meta":{"footnotes":""},"categories":[1],"tags":[],"class_list":["post-18313","post","type-post","status-publish","format-standard","has-post-thumbnail","hentry","category-noticias"],"_links":{"self":[{"href":"https:\/\/blogdorogeriogomes.com.br\/noticias\/wp-json\/wp\/v2\/posts\/18313","targetHints":{"allow":["GET"]}}],"collection":[{"href":"https:\/\/blogdorogeriogomes.com.br\/noticias\/wp-json\/wp\/v2\/posts"}],"about":[{"href":"https:\/\/blogdorogeriogomes.com.br\/noticias\/wp-json\/wp\/v2\/types\/post"}],"author":[{"embeddable":true,"href":"https:\/\/blogdorogeriogomes.com.br\/noticias\/wp-json\/wp\/v2\/users\/1"}],"replies":[{"embeddable":true,"href":"https:\/\/blogdorogeriogomes.com.br\/noticias\/wp-json\/wp\/v2\/comments?post=18313"}],"version-history":[{"count":1,"href":"https:\/\/blogdorogeriogomes.com.br\/noticias\/wp-json\/wp\/v2\/posts\/18313\/revisions"}],"predecessor-version":[{"id":18315,"href":"https:\/\/blogdorogeriogomes.com.br\/noticias\/wp-json\/wp\/v2\/posts\/18313\/revisions\/18315"}],"wp:featuredmedia":[{"embeddable":true,"href":"https:\/\/blogdorogeriogomes.com.br\/noticias\/wp-json\/wp\/v2\/media\/18314"}],"wp:attachment":[{"href":"https:\/\/blogdorogeriogomes.com.br\/noticias\/wp-json\/wp\/v2\/media?parent=18313"}],"wp:term":[{"taxonomy":"category","embeddable":true,"href":"https:\/\/blogdorogeriogomes.com.br\/noticias\/wp-json\/wp\/v2\/categories?post=18313"},{"taxonomy":"post_tag","embeddable":true,"href":"https:\/\/blogdorogeriogomes.com.br\/noticias\/wp-json\/wp\/v2\/tags?post=18313"}],"curies":[{"name":"wp","href":"https:\/\/api.w.org\/{rel}","templated":true}]}}