{"id":18316,"date":"2020-09-17T19:42:15","date_gmt":"2020-09-17T19:42:15","guid":{"rendered":"https:\/\/blogdorogeriogomes.com.br\/?p=18316"},"modified":"2020-09-18T19:33:09","modified_gmt":"2020-09-18T19:33:09","slug":"participantes-da-posse-de-luiz-fux-no-stf-continuam-sendo-diagnosticados-com-covid-19","status":"publish","type":"post","link":"https:\/\/blogdorogeriogomes.com.br\/noticias\/2020\/09\/participantes-da-posse-de-luiz-fux-no-stf-continuam-sendo-diagnosticados-com-covid-19\/","title":{"rendered":"Participantes da posse de Luiz Fux no STF continuam sendo diagnosticados com Covid-19"},"content":{"rendered":"\n<p>Mais um participante da solenidade de posse do presidente Luiz Fux no Supremo Tribunal Federal (STF) foi diagnosticado com a Covid-19. Agora, foi o procurador geral da Rep\u00fablica, Augusto Aras. Ele \u00e9 a sexta autoridade do Pa\u00eds a confirmar ter contra\u00eddo a doen\u00e7a ap\u00f3s participar da posse de Fux.<\/p>\n\n\n\n<p>Antes dele, tiveram exames que confirmaram a infec\u00e7\u00e3o o pr\u00f3prio presidente do STF,  Luiz Fux; o presidente da C\u00e2mara, Rodrigo Maia; a presidente do Tribunal Superior do Trabalho (TST), Maria Cristina Peduzzi; e os ministros do Superior Tribunal de Justi\u00e7a (STJ) Lu\u00eds Felipe Salom\u00e3o e Antonio Saldanha Palheiro.<\/p>\n\n\n\n<p>Tamb\u00e9m participaram da cerim\u00f4nia, o presidente da Rep\u00fablica, Jair Bolsonaro; o presidente do Senado, Davi Alcolumbre, e o presidente do Conselho Federal da OAB, Felipe Santa Cruz. Bolsonaro e Alcolumbre j\u00e1 tiveram Covid-19. Santa Cruz aguarda o resultado do teste a que foi submetido.<\/p>\n\n\n\n<p>At\u00e9 a manh\u00e3 desta quinta-feira, dia 17 de setembro, o Brasil tinha pelo menos 134.106 mortes por Covid-19, segundo o Minist\u00e9rio da Sa\u00fade. S\u00e3o pelo menos 4.419.083 casos confirmados em todo o Pa\u00eds.<\/p>\n\n\n\n<figure class=\"wp-block-image size-large\"><img loading=\"lazy\" decoding=\"async\" width=\"750\" height=\"500\" src=\"https:\/\/blogdorogeriogomes.com.br\/wp-content\/uploads\/2020\/09\/48794524992_7c8acb045a_k.jpg.jpg\" alt=\"\" class=\"wp-image-18317\" srcset=\"https:\/\/blogdorogeriogomes.com.br\/noticias\/wp-content\/uploads\/2020\/09\/48794524992_7c8acb045a_k.jpg.jpg 750w, https:\/\/blogdorogeriogomes.com.br\/noticias\/wp-content\/uploads\/2020\/09\/48794524992_7c8acb045a_k.jpg-300x200.jpg 300w\" sizes=\"auto, (max-width: 750px) 100vw, 750px\" \/><\/figure>\n\n\n\n<p> <\/p>\n","protected":false},"excerpt":{"rendered":"<p>Mais um participante da solenidade de posse do presidente Luiz Fux no Supremo Tribunal Federal (STF) foi diagnosticado com a Covid-19. Agora, foi o procurador geral da Rep\u00fablica, Augusto Aras. Ele \u00e9 a sexta autoridade do Pa\u00eds a confirmar ter contra\u00eddo a doen\u00e7a ap\u00f3s participar da posse de Fux. Antes dele, tiveram exames que confirmaram a infec\u00e7\u00e3o o pr\u00f3prio presidente do STF, Luiz Fux; o presidente da C\u00e2mara, Rodrigo Maia; a presidente do Tribunal Superior do Trabalho (TST), Maria&hellip;<\/p>\n","protected":false},"author":1,"featured_media":18317,"comment_status":"open","ping_status":"open","sticky":false,"template":"","format":"standard","meta":{"footnotes":""},"categories":[1],"tags":[],"class_list":["post-18316","post","type-post","status-publish","format-standard","has-post-thumbnail","hentry","category-noticias"],"_links":{"self":[{"href":"https:\/\/blogdorogeriogomes.com.br\/noticias\/wp-json\/wp\/v2\/posts\/18316","targetHints":{"allow":["GET"]}}],"collection":[{"href":"https:\/\/blogdorogeriogomes.com.br\/noticias\/wp-json\/wp\/v2\/posts"}],"about":[{"href":"https:\/\/blogdorogeriogomes.com.br\/noticias\/wp-json\/wp\/v2\/types\/post"}],"author":[{"embeddable":true,"href":"https:\/\/blogdorogeriogomes.com.br\/noticias\/wp-json\/wp\/v2\/users\/1"}],"replies":[{"embeddable":true,"href":"https:\/\/blogdorogeriogomes.com.br\/noticias\/wp-json\/wp\/v2\/comments?post=18316"}],"version-history":[{"count":1,"href":"https:\/\/blogdorogeriogomes.com.br\/noticias\/wp-json\/wp\/v2\/posts\/18316\/revisions"}],"predecessor-version":[{"id":18318,"href":"https:\/\/blogdorogeriogomes.com.br\/noticias\/wp-json\/wp\/v2\/posts\/18316\/revisions\/18318"}],"wp:featuredmedia":[{"embeddable":true,"href":"https:\/\/blogdorogeriogomes.com.br\/noticias\/wp-json\/wp\/v2\/media\/18317"}],"wp:attachment":[{"href":"https:\/\/blogdorogeriogomes.com.br\/noticias\/wp-json\/wp\/v2\/media?parent=18316"}],"wp:term":[{"taxonomy":"category","embeddable":true,"href":"https:\/\/blogdorogeriogomes.com.br\/noticias\/wp-json\/wp\/v2\/categories?post=18316"},{"taxonomy":"post_tag","embeddable":true,"href":"https:\/\/blogdorogeriogomes.com.br\/noticias\/wp-json\/wp\/v2\/tags?post=18316"}],"curies":[{"name":"wp","href":"https:\/\/api.w.org\/{rel}","templated":true}]}}